{"id":13199,"date":"2024-11-11T11:28:45","date_gmt":"2024-11-11T10:28:45","guid":{"rendered":"https:\/\/www.lafresca.fm\/?p=13199"},"modified":"2024-11-11T11:28:48","modified_gmt":"2024-11-11T10:28:48","slug":"los-ibenses-manuel-simon-dario-rodriguez-y-juan-navarro-oros-es-sus-respectivas-categorias-en-el-campeonato-europeo-de-kickboxing-wako","status":"publish","type":"post","link":"https:\/\/www.lafresca.fm\/los-ibenses-manuel-simon-dario-rodriguez-y-juan-navarro-oros-es-sus-respectivas-categorias-en-el-campeonato-europeo-de-kickboxing-wako\/","title":{"rendered":"Los ibenses, Manuel Sim\u00f3n, Dar\u00edo Rodr\u00edguez y Juan Navarro, oros es sus respectivas categor\u00edas en el Campeonato Europeo de Kickboxing WAKO"},"content":{"rendered":"\n<p>El Estadio Ol\u00edmpico de Atenas ha acogido del 1 al 10 de noviembre dicha competici\u00f3n, donde los tres deportistas pertenecientes al Club de Kickboxing Ibense, han dejado muy alto el pabell\u00f3n espa\u00f1ol. <\/p>\n\n\n\n<p>Manuel, Dar\u00edo y Juan han entrado en la historia de este deporte ya que se han convertido en pioneros del Para-Kickboxing Mundial, donde por primera vez, este evento ha incluido una divisi\u00f3n de Kickboxing inclusivo.<\/p>\n\n\n\n<p>Adem\u00e1s, Manuel Sim\u00f3n que es el director del Comit\u00e9 Inclusivo de la Federaci\u00f3n de Kickboxin y Muay Thai de la Comunidad Valenciana, particip\u00f3 con tres representantes valencianos m\u00e1s, consiguiendo igualmente medalla de oro en sus respectivas categor\u00edas.<\/p>\n\n\n\n<figure class=\"wp-block-image size-full\"><img fetchpriority=\"high\" decoding=\"async\" width=\"680\" height=\"825\" src=\"https:\/\/www.lafresca.fm\/f-solosog\/2024\/11\/465912228_960465039453738_172478249426974608_n.jpg\" alt=\"\" class=\"wp-image-13200\" srcset=\"https:\/\/www.lafresca.fm\/f-solosog\/2024\/11\/465912228_960465039453738_172478249426974608_n.jpg 680w, https:\/\/www.lafresca.fm\/f-solosog\/2024\/11\/465912228_960465039453738_172478249426974608_n-635x770.jpg 635w\" sizes=\"(max-width: 680px) 100vw, 680px\" \/><\/figure>\n<script>function PlayerjsAsync(){} if(window[\"Playerjs\"]){PlayerjsAsync();}<\/script>","protected":false},"excerpt":{"rendered":"<p>El Estadio Ol\u00edmpico de Atenas ha acogido del 1 al 10 de noviembre dicha competici\u00f3n, donde los tres deportistas pertenecientes al Club de Kickboxing Ibense, han dejado muy alto el pabell\u00f3n espa\u00f1ol. Manuel, Dar\u00edo y Juan han entrado en la historia de este deporte ya que se han convertido en ...<\/p>\n","protected":false},"author":2,"featured_media":13200,"comment_status":"closed","ping_status":"closed","sticky":false,"template":"","format":"standard","meta":{"_monsterinsights_skip_tracking":false,"_monsterinsights_sitenote_active":false,"_monsterinsights_sitenote_note":"","_monsterinsights_sitenote_category":0,"footnotes":""},"categories":[4],"tags":[128],"class_list":["post-13199","post","type-post","status-publish","format-standard","has-post-thumbnail","hentry","category-alicante","tag-ibi"],"aioseo_notices":[],"_links":{"self":[{"href":"https:\/\/www.lafresca.fm\/fresca-api-json\/wp\/v2\/posts\/13199","targetHints":{"allow":["GET"]}}],"collection":[{"href":"https:\/\/www.lafresca.fm\/fresca-api-json\/wp\/v2\/posts"}],"about":[{"href":"https:\/\/www.lafresca.fm\/fresca-api-json\/wp\/v2\/types\/post"}],"author":[{"embeddable":true,"href":"https:\/\/www.lafresca.fm\/fresca-api-json\/wp\/v2\/users\/2"}],"replies":[{"embeddable":true,"href":"https:\/\/www.lafresca.fm\/fresca-api-json\/wp\/v2\/comments?post=13199"}],"version-history":[{"count":2,"href":"https:\/\/www.lafresca.fm\/fresca-api-json\/wp\/v2\/posts\/13199\/revisions"}],"predecessor-version":[{"id":13202,"href":"https:\/\/www.lafresca.fm\/fresca-api-json\/wp\/v2\/posts\/13199\/revisions\/13202"}],"wp:featuredmedia":[{"embeddable":true,"href":"https:\/\/www.lafresca.fm\/fresca-api-json\/wp\/v2\/media\/13200"}],"wp:attachment":[{"href":"https:\/\/www.lafresca.fm\/fresca-api-json\/wp\/v2\/media?parent=13199"}],"wp:term":[{"taxonomy":"category","embeddable":true,"href":"https:\/\/www.lafresca.fm\/fresca-api-json\/wp\/v2\/categories?post=13199"},{"taxonomy":"post_tag","embeddable":true,"href":"https:\/\/www.lafresca.fm\/fresca-api-json\/wp\/v2\/tags?post=13199"}],"curies":[{"name":"wp","href":"https:\/\/api.w.org\/{rel}","templated":true}]}}