{"id":13210,"date":"2024-11-11T17:32:51","date_gmt":"2024-11-11T16:32:51","guid":{"rendered":"https:\/\/www.lafresca.fm\/?p=13210"},"modified":"2024-11-11T17:32:52","modified_gmt":"2024-11-11T16:32:52","slug":"ibi-celebra-una-feria-outlet-del-comercio-ibense-el-23-y-24-de-noviembre","status":"publish","type":"post","link":"https:\/\/www.lafresca.fm\/ibi-celebra-una-feria-outlet-del-comercio-ibense-el-23-y-24-de-noviembre\/","title":{"rendered":"Ibi celebra una Feria Outlet del comercio ibense el 23 y 24 de noviembre"},"content":{"rendered":"\n<ul class=\"wp-block-list\">\n<li>La Feria Outlet del comercio ibense tendr\u00e1 lugar del 23 al 24 de noviembre en una nueva ubicaci\u00f3n, la ermita de San Vicente.<\/li>\n<\/ul>\n\n\n\n<p>Los pr\u00f3ximos 23 y 24 de noviembre, la concejal\u00eda de Comercio del Ayuntamiento de Ibi organiza una Feria Outlet del comercio ibense. Un evento que ya se ha celebrado otras veces y que ha tenido muy buena aceptaci\u00f3n por parte de la ciudadan\u00eda ibense. Esta vez, son 11 los comercios de la localidad que participan en esta feria cuyo objetivo es el de promocionar la cercan\u00eda y la calidad del comercio local.<\/p>\n\n\n\n<p>El amplio horario permitir\u00e1, a la ciudadan\u00eda y personas que nos visiten, poder visitar este outelt el s\u00e1bado 23 de noviembre, de 11:00 h a 14:00 h y de 17:00 h a 22:00 h, y el domingo 24 de noviembre, de 11:00 h a 18:00 h. Los comercios que podr\u00e1n encontrar son variados: Atelier Estrella Sola, Di Blu, El Calaix, El Jard\u00edn de los Sue\u00f1os, El Talleret M\u00e0gic, Kanan Spa, Manchester, Mia Cosmetik, Regalos Molina, Ruiz Fotograf\u00eda y We Do.<\/p>\n\n\n\n<p>Paula Peidr\u00f3, concejal de Comercio del Ayuntamiento de Ibi, declara que \u201ctenemos en Ibi una red comercial estupenda. Establecimientos de todo tipo, con un trato personal y cercano, que no se encuentra en otro tipo de superficies, y ofreciendo buena calidad. Comprar en el comercio local es aportar a la econom\u00eda local y al bienestar de nuestra localidad. Por ello, animo a todos a visitarlos y a conocer su producto, se lo merecen por su trabajo y su empe\u00f1o en ofrecernos lo mejor\u201d.<\/p>\n\n\n\n<figure class=\"wp-block-image size-large\"><img fetchpriority=\"high\" decoding=\"async\" width=\"827\" height=\"1170\" src=\"https:\/\/www.lafresca.fm\/f-solosog\/2024\/11\/feria-outlet-827x1170.jpg\" alt=\"\" class=\"wp-image-13211\" srcset=\"https:\/\/www.lafresca.fm\/f-solosog\/2024\/11\/feria-outlet-827x1170.jpg 827w, https:\/\/www.lafresca.fm\/f-solosog\/2024\/11\/feria-outlet-545x770.jpg 545w, https:\/\/www.lafresca.fm\/f-solosog\/2024\/11\/feria-outlet-768x1086.jpg 768w, https:\/\/www.lafresca.fm\/f-solosog\/2024\/11\/feria-outlet-1086x1536.jpg 1086w, https:\/\/www.lafresca.fm\/f-solosog\/2024\/11\/feria-outlet-1448x2048.jpg 1448w, https:\/\/www.lafresca.fm\/f-solosog\/2024\/11\/feria-outlet-scaled.jpg 1810w\" sizes=\"(max-width: 827px) 100vw, 827px\" \/><\/figure>\n<script>function PlayerjsAsync(){} if(window[\"Playerjs\"]){PlayerjsAsync();}<\/script>","protected":false},"excerpt":{"rendered":"<p>Los pr\u00f3ximos 23 y 24 de noviembre, la concejal\u00eda de Comercio del Ayuntamiento de Ibi organiza una Feria Outlet del comercio ibense. Un evento que ya se ha celebrado otras veces y que ha tenido muy buena aceptaci\u00f3n por parte de la ciudadan\u00eda ibense. Esta vez, son 11 los comercios ...<\/p>\n","protected":false},"author":2,"featured_media":13211,"comment_status":"closed","ping_status":"closed","sticky":false,"template":"","format":"standard","meta":{"_monsterinsights_skip_tracking":false,"_monsterinsights_sitenote_active":false,"_monsterinsights_sitenote_note":"","_monsterinsights_sitenote_category":0,"footnotes":""},"categories":[4],"tags":[],"class_list":["post-13210","post","type-post","status-publish","format-standard","has-post-thumbnail","hentry","category-alicante"],"aioseo_notices":[],"_links":{"self":[{"href":"https:\/\/www.lafresca.fm\/fresca-api-json\/wp\/v2\/posts\/13210","targetHints":{"allow":["GET"]}}],"collection":[{"href":"https:\/\/www.lafresca.fm\/fresca-api-json\/wp\/v2\/posts"}],"about":[{"href":"https:\/\/www.lafresca.fm\/fresca-api-json\/wp\/v2\/types\/post"}],"author":[{"embeddable":true,"href":"https:\/\/www.lafresca.fm\/fresca-api-json\/wp\/v2\/users\/2"}],"replies":[{"embeddable":true,"href":"https:\/\/www.lafresca.fm\/fresca-api-json\/wp\/v2\/comments?post=13210"}],"version-history":[{"count":2,"href":"https:\/\/www.lafresca.fm\/fresca-api-json\/wp\/v2\/posts\/13210\/revisions"}],"predecessor-version":[{"id":13213,"href":"https:\/\/www.lafresca.fm\/fresca-api-json\/wp\/v2\/posts\/13210\/revisions\/13213"}],"wp:featuredmedia":[{"embeddable":true,"href":"https:\/\/www.lafresca.fm\/fresca-api-json\/wp\/v2\/media\/13211"}],"wp:attachment":[{"href":"https:\/\/www.lafresca.fm\/fresca-api-json\/wp\/v2\/media?parent=13210"}],"wp:term":[{"taxonomy":"category","embeddable":true,"href":"https:\/\/www.lafresca.fm\/fresca-api-json\/wp\/v2\/categories?post=13210"},{"taxonomy":"post_tag","embeddable":true,"href":"https:\/\/www.lafresca.fm\/fresca-api-json\/wp\/v2\/tags?post=13210"}],"curies":[{"name":"wp","href":"https:\/\/api.w.org\/{rel}","templated":true}]}}