{"id":13228,"date":"2024-11-13T08:54:07","date_gmt":"2024-11-13T07:54:07","guid":{"rendered":"https:\/\/www.lafresca.fm\/?p=13228"},"modified":"2024-11-13T08:54:11","modified_gmt":"2024-11-13T07:54:11","slug":"onil-inicia-las-actividades-con-motivo-del-25n-con-la-obra-de-teatro-lo-normal-para-los-jovenes-de-la-localidad","status":"publish","type":"post","link":"https:\/\/www.lafresca.fm\/onil-inicia-las-actividades-con-motivo-del-25n-con-la-obra-de-teatro-lo-normal-para-los-jovenes-de-la-localidad\/","title":{"rendered":"Onil inicia las actividades con motivo del 25N con la Obra de Teatro &#8220;Lo Normal&#8221; para los j\u00f3venes de la localidad"},"content":{"rendered":"\n<p>En el marco de las actividades conmemorativas del 25 de noviembre, D\u00eda Internacional de la Eliminaci\u00f3n de la Violencia contra la Mujer, el Ayuntamiento de Onil ha realizado la obra de teatro &#8220;Lo Normal&#8221;, dirigida especialmente a los j\u00f3venes de nuestra comunidad. Este evento se llev\u00f3 a cabo el pasado viernes en el centro cultural.<\/p>\n\n\n\n<p>&#8220;Lo Normal&#8221; es una obra que busca abrir un espacio de reflexi\u00f3n y di\u00e1logo sobre las relaciones interpersonales, la igualdad de g\u00e9nero y la importancia del respeto mutuo.<\/p>\n\n\n\n<p>A trav\u00e9s de una narrativa cautivadora y personajes identificables, la obra aborda temas relevantes para la juventud actual, promoviendo valores de empat\u00eda y solidaridad.<\/p>\n\n\n\n<figure class=\"wp-block-image size-large\"><img fetchpriority=\"high\" decoding=\"async\" width=\"1170\" height=\"664\" src=\"https:\/\/www.lafresca.fm\/f-solosog\/2024\/11\/IMG-20241111-WA0004-1170x664.jpg\" alt=\"\" class=\"wp-image-13229\" srcset=\"https:\/\/www.lafresca.fm\/f-solosog\/2024\/11\/IMG-20241111-WA0004-1170x664.jpg 1170w, https:\/\/www.lafresca.fm\/f-solosog\/2024\/11\/IMG-20241111-WA0004-770x437.jpg 770w, https:\/\/www.lafresca.fm\/f-solosog\/2024\/11\/IMG-20241111-WA0004-768x436.jpg 768w, https:\/\/www.lafresca.fm\/f-solosog\/2024\/11\/IMG-20241111-WA0004-1536x871.jpg 1536w, https:\/\/www.lafresca.fm\/f-solosog\/2024\/11\/IMG-20241111-WA0004.jpg 1599w\" sizes=\"(max-width: 1170px) 100vw, 1170px\" \/><\/figure>\n\n\n\n<p>La representaci\u00f3n est\u00e1 dise\u00f1ada no solo para entretener, sino tambi\u00e9n para educar y sensibilizar a los j\u00f3venes sobre la violencia de g\u00e9nero y la necesidad de construir relaciones sanas y respetuosas. Con un enfoque din\u00e1mico y participativo, se espera que los asistentes se sientan motivados a cuestionar estereotipos y a fomentar un cambio positivo en su entorno.<\/p>\n\n\n\n<p>Asistieron los alumnos del IES La Creueta de Onil, los cuales disfrutaron de esta experiencia \u00fanica. Adem\u00e1s, se cont\u00f3 con un espacio posterior a la obra para que los asistentes pudieran compartir sus impresiones y reflexiones, enriqueciendo as\u00ed el di\u00e1logo sobre estos temas tan importantes.<\/p>\n\n\n\n<p>El Ayuntamiento de Onil reafirma su compromiso con la educaci\u00f3n y la prevenci\u00f3n de la violencia de g\u00e9nero, y espera que &#8220;Lo Normal&#8221; sea un paso m\u00e1s hacia la construcci\u00f3n de una sociedad m\u00e1s justa e igualitaria.<\/p>\n<script>function PlayerjsAsync(){} if(window[\"Playerjs\"]){PlayerjsAsync();}<\/script>","protected":false},"excerpt":{"rendered":"<p>En el marco de las actividades conmemorativas del 25 de noviembre, D\u00eda Internacional de la Eliminaci\u00f3n de la Violencia contra la Mujer, el Ayuntamiento de Onil ha realizado la obra de teatro &#8220;Lo Normal&#8221;, dirigida especialmente a los j\u00f3venes de nuestra comunidad. Este evento se llev\u00f3 a cabo el pasado ...<\/p>\n","protected":false},"author":2,"featured_media":13229,"comment_status":"closed","ping_status":"closed","sticky":false,"template":"","format":"standard","meta":{"_monsterinsights_skip_tracking":false,"_monsterinsights_sitenote_active":false,"_monsterinsights_sitenote_note":"","_monsterinsights_sitenote_category":0,"footnotes":""},"categories":[4],"tags":[133],"class_list":["post-13228","post","type-post","status-publish","format-standard","has-post-thumbnail","hentry","category-alicante","tag-onil"],"aioseo_notices":[],"_links":{"self":[{"href":"https:\/\/www.lafresca.fm\/fresca-api-json\/wp\/v2\/posts\/13228","targetHints":{"allow":["GET"]}}],"collection":[{"href":"https:\/\/www.lafresca.fm\/fresca-api-json\/wp\/v2\/posts"}],"about":[{"href":"https:\/\/www.lafresca.fm\/fresca-api-json\/wp\/v2\/types\/post"}],"author":[{"embeddable":true,"href":"https:\/\/www.lafresca.fm\/fresca-api-json\/wp\/v2\/users\/2"}],"replies":[{"embeddable":true,"href":"https:\/\/www.lafresca.fm\/fresca-api-json\/wp\/v2\/comments?post=13228"}],"version-history":[{"count":2,"href":"https:\/\/www.lafresca.fm\/fresca-api-json\/wp\/v2\/posts\/13228\/revisions"}],"predecessor-version":[{"id":13231,"href":"https:\/\/www.lafresca.fm\/fresca-api-json\/wp\/v2\/posts\/13228\/revisions\/13231"}],"wp:featuredmedia":[{"embeddable":true,"href":"https:\/\/www.lafresca.fm\/fresca-api-json\/wp\/v2\/media\/13229"}],"wp:attachment":[{"href":"https:\/\/www.lafresca.fm\/fresca-api-json\/wp\/v2\/media?parent=13228"}],"wp:term":[{"taxonomy":"category","embeddable":true,"href":"https:\/\/www.lafresca.fm\/fresca-api-json\/wp\/v2\/categories?post=13228"},{"taxonomy":"post_tag","embeddable":true,"href":"https:\/\/www.lafresca.fm\/fresca-api-json\/wp\/v2\/tags?post=13228"}],"curies":[{"name":"wp","href":"https:\/\/api.w.org\/{rel}","templated":true}]}}