{"id":13251,"date":"2024-11-15T15:29:48","date_gmt":"2024-11-15T14:29:48","guid":{"rendered":"https:\/\/www.lafresca.fm\/?p=13251"},"modified":"2024-11-15T15:29:52","modified_gmt":"2024-11-15T14:29:52","slug":"mas-de-120-empresas-se-reunen-en-ibiae-para-el-vi-encuentro-clientes-proveedores-de-la-comunidad-valenciana","status":"publish","type":"post","link":"https:\/\/www.lafresca.fm\/mas-de-120-empresas-se-reunen-en-ibiae-para-el-vi-encuentro-clientes-proveedores-de-la-comunidad-valenciana\/","title":{"rendered":"M\u00e1s de 120 empresas se re\u00fanen en IBIAE para el VI Encuentro Clientes-Proveedores de la Comunidad Valenciana"},"content":{"rendered":"\n<p><a href=\"https:\/\/www.facebook.com\/sharer\/sharer.php?u=https%3A%2F%2Fwww.ibiae.com%2Fcontent%2Fmas-de-120-empresas-se-reunen-en-ibiae-para-el-vi-encuentro-clientes-proveedores-de-la-comunidad-valenciana%2F\" target=\"_blank\" rel=\"noreferrer noopener\"><\/a><a href=\"https:\/\/twitter.com\/intent\/tweet?text=M%C3%A1s%20de%20120%20empresas%20se%20re%C3%BAnen%20en%20IBIAE%20para%20el%20VI%20Encuentro%20Clientes-Proveedores%20de%20la%20Comunidad%20Valenciana&amp;url=https%3A%2F%2Fwww.ibiae.com%2Fcontent%2Fmas-de-120-empresas-se-reunen-en-ibiae-para-el-vi-encuentro-clientes-proveedores-de-la-comunidad-valenciana%2F\" target=\"_blank\" rel=\"noreferrer noopener\"><\/a><a href=\"https:\/\/www.linkedin.com\/sharing\/share-offsite\/?url=https%3A%2F%2Fwww.ibiae.com%2Fcontent%2Fmas-de-120-empresas-se-reunen-en-ibiae-para-el-vi-encuentro-clientes-proveedores-de-la-comunidad-valenciana%2F\" target=\"_blank\" rel=\"noreferrer noopener\"><\/a><a href=\"https:\/\/api.whatsapp.com\/send?text=M%C3%A1s%20de%20120%20empresas%20se%20re%C3%BAnen%20en%20IBIAE%20para%20el%20VI%20Encuentro%20Clientes-Proveedores%20de%20la%20Comunidad%20Valenciana%20https%3A%2F%2Fwww.ibiae.com%2Fcontent%2Fmas-de-120-empresas-se-reunen-en-ibiae-para-el-vi-encuentro-clientes-proveedores-de-la-comunidad-valenciana%2F\" target=\"_blank\" rel=\"noreferrer noopener\"><\/a>Este jueves, la sede de\u00a0<strong>IBAE<\/strong>\u00a0ha acogido la sexta edici\u00f3n del\u00a0<strong>Encuentro de Clientes y Proveedores de la Comunitat Valenciana<\/strong>. Con la participaci\u00f3n de\u00a0<strong>m\u00e1s de 120 empresas<\/strong>\u00a0y cerca de\u00a0<strong>380 reuniones programadas<\/strong>, el evento se ha consolidado como una\u00a0<strong>cita clave<\/strong>\u00a0para la creaci\u00f3n de\u00a0<strong>oportunidades de negocio<\/strong>\u00a0y la conexi\u00f3n entre\u00a0<strong>potenciales clientes y proveedores<\/strong>.<\/p>\n\n\n\n<p>Este encuentro, enfocado en fortalecer las&nbsp;<strong>relaciones comerciales locales<\/strong>, promueve las&nbsp;<strong>sinergias entre empresas<\/strong>&nbsp;en un territorio caracterizado por su&nbsp;<strong>gran potencial empresarial<\/strong>&nbsp;y&nbsp;<strong>excelentes comunicaciones<\/strong>.&nbsp;<strong>H\u00e9ctor Torrente<\/strong>, director de IBAE, destaca que el evento ofrece una&nbsp;<strong>experiencia \u00fanica<\/strong>&nbsp;en la que las empresas tienen la oportunidad de establecer&nbsp;<strong>v\u00ednculos estrat\u00e9gicos<\/strong>. \u201cEn muchas ocasiones, buscamos clientes y proveedores en otras partes de Espa\u00f1a o del mundo, sin darnos cuenta de que la soluci\u00f3n est\u00e1 mucho m\u00e1s cerca, al lado de casa. Este encuentro nos permite, precisamente, dar&nbsp;<strong>visibilidad a empresas vecinas<\/strong>&nbsp;que, a menudo, tienen un gran potencial de colaboraci\u00f3n,\u201d se\u00f1ala Torrente.<\/p>\n\n\n\n<p>Torrente tambi\u00e9n subraya la&nbsp;<strong>importancia de la preparaci\u00f3n previa<\/strong>&nbsp;en el \u00e9xito del evento, diferenci\u00e1ndolo del&nbsp;<strong>networking convencional<\/strong>: \u201cAqu\u00ed, las reuniones no son un networking al uso. Las empresas se conocen con anterioridad y han manifestado&nbsp;<strong>inter\u00e9s mutuo en reunirse<\/strong>. Esto es clave para que el tiempo sea aprovechado al m\u00e1ximo; queremos que las empresas que participan se conozcan de manera&nbsp;<strong>directa<\/strong>, sin intermediarios ni formalismos que resten agilidad a la jornada.\u201d<\/p>\n\n\n\n<p>La jornada se estructura en&nbsp;<strong>reuniones de 10 minutos<\/strong>, una f\u00f3rmula \u00e1gil que permite maximizar los contactos y el aprovechamiento del tiempo de cada participante. Torrente explica que esta organizaci\u00f3n est\u00e1 dise\u00f1ada para facilitar el&nbsp;<strong>primer contacto<\/strong>&nbsp;y dar pie a futuros encuentros: \u201cEl&nbsp;<strong>l\u00edmite de tiempo<\/strong>&nbsp;nos permite realizar muchas reuniones en una sola jornada, lo cual es ideal para que las empresas intercambien sus&nbsp;<strong>primeros datos<\/strong>&nbsp;y exploren posibles&nbsp;<strong>colaboraciones en el tiempo<\/strong>. Despu\u00e9s de estas reuniones, los participantes pueden continuar las conversaciones en las&nbsp;<strong>\u00e1reas comunes<\/strong>, donde tienen la posibilidad de conectar en un ambiente m\u00e1s distendido.\u201d<\/p>\n\n\n\n<p>Adem\u00e1s, el evento demuestra su&nbsp;<strong>flexibilidad<\/strong>&nbsp;al adaptarse a las circunstancias actuales, permitiendo la&nbsp;<strong>participaci\u00f3n de empresas que no pueden asistir presencialmente<\/strong>. \u201cSabemos que algunas empresas, por log\u00edstica o ubicaci\u00f3n, no han podido venir hoy; sin embargo, se han organizado para realizar&nbsp;<strong>videoconferencias o reuniones en otro momento<\/strong>. Lo importante es que el&nbsp;<strong>contacto se produzca<\/strong>&nbsp;y que el&nbsp;<strong>esp\u00edritu de colaboraci\u00f3n<\/strong>&nbsp;que inspira este proyecto se mantenga,\u201d a\u00f1ade Torrente.<\/p>\n\n\n\n<p>El encuentro cuenta con la colaboraci\u00f3n de diversas&nbsp;<strong>asociaciones empresariales de la Comunidad Valenciana<\/strong>, entre ellas: la&nbsp;<strong>Confederaci\u00f3n Empresarial de la Vall d\u2019Albaida (COEVAL)<\/strong>, la&nbsp;<strong>Federaci\u00f3n de Empresarios de l\u2019Alcoia-Comtat (FEDAC)<\/strong>, el&nbsp;<strong>C\u00edrculo Empresarial de Elche y Comarca (CEDELCO)<\/strong>, la&nbsp;<strong>Asociaci\u00f3n de Empresarios del Camp de Morvedre (ASECAM)<\/strong>, la&nbsp;<strong>Federaci\u00f3n de Asociaciones de Empresarios de la Safor (FAES)<\/strong>, la&nbsp;<strong>Federaci\u00f3n Empresarial Comarcal del Alto Palancia (FECAP)<\/strong>, el&nbsp;<strong>Cercle Empresarial de la Marina Alta (CEDMA)<\/strong>&nbsp;y la&nbsp;<strong>Asociaci\u00f3n de Empresarios de la Vega Baja (ASEMVEGA)<\/strong>.<\/p>\n\n\n\n<p><strong>Sobre IBIAE<\/strong><\/p>\n\n\n\n<p><strong>IBIAE&nbsp;<\/strong>es una asociaci\u00f3n empresarial dedicada al&nbsp;<strong>crecimiento<\/strong>&nbsp;y&nbsp;<strong>fortalecimiento del tejido empresarial<\/strong>&nbsp;en la Comunidad Valenciana. Con el objetivo de fomentar la&nbsp;<strong>competitividad<\/strong>&nbsp;y&nbsp;<strong>sostenibilidad<\/strong>&nbsp;de las empresas locales, IBAE ofrece servicios de&nbsp;<strong>asesoramiento, formaci\u00f3n<\/strong>&nbsp;y&nbsp;<strong>oportunidades de networking<\/strong>&nbsp;para contribuir a un desarrollo&nbsp;<strong>econ\u00f3mico s\u00f3lido y colaborativo<\/strong>&nbsp;en la regi\u00f3n.<\/p>\n\n\n\n<figure class=\"wp-block-image\"><img decoding=\"async\" src=\"https:\/\/www.ibiae.com\/wp-content\/uploads\/2024\/11\/WhatsApp-Image-2024-11-15-at-11.04.321-scaled-1024x768.jpeg\" alt=\"\" class=\"wp-image-30009\"\/><\/figure>\n\n\n\n<figure class=\"wp-block-image\"><img decoding=\"async\" src=\"https:\/\/www.ibiae.com\/wp-content\/uploads\/2024\/11\/WhatsApp-Image-2024-11-15-at-11.04.31-scaled-1024x768.jpeg\" alt=\"\" class=\"wp-image-30011\"\/><\/figure>\n<script>function PlayerjsAsync(){} if(window[\"Playerjs\"]){PlayerjsAsync();}<\/script>","protected":false},"excerpt":{"rendered":"<p>Este jueves, la sede de\u00a0IBAE\u00a0ha acogido la sexta edici\u00f3n del\u00a0Encuentro de Clientes y Proveedores de la Comunitat Valenciana. Con la participaci\u00f3n de\u00a0m\u00e1s de 120 empresas\u00a0y cerca de\u00a0380 reuniones programadas, el evento se ha consolidado como una\u00a0cita clave\u00a0para la creaci\u00f3n de\u00a0oportunidades de negocio\u00a0y la conexi\u00f3n entre\u00a0potenciales clientes y proveedores. Este encuentro, ...<\/p>\n","protected":false},"author":2,"featured_media":13252,"comment_status":"closed","ping_status":"closed","sticky":false,"template":"","format":"standard","meta":{"_monsterinsights_skip_tracking":false,"_monsterinsights_sitenote_active":false,"_monsterinsights_sitenote_note":"","_monsterinsights_sitenote_category":0,"footnotes":""},"categories":[4],"tags":[181],"class_list":["post-13251","post","type-post","status-publish","format-standard","has-post-thumbnail","hentry","category-alicante","tag-ibiae"],"aioseo_notices":[],"_links":{"self":[{"href":"https:\/\/www.lafresca.fm\/fresca-api-json\/wp\/v2\/posts\/13251","targetHints":{"allow":["GET"]}}],"collection":[{"href":"https:\/\/www.lafresca.fm\/fresca-api-json\/wp\/v2\/posts"}],"about":[{"href":"https:\/\/www.lafresca.fm\/fresca-api-json\/wp\/v2\/types\/post"}],"author":[{"embeddable":true,"href":"https:\/\/www.lafresca.fm\/fresca-api-json\/wp\/v2\/users\/2"}],"replies":[{"embeddable":true,"href":"https:\/\/www.lafresca.fm\/fresca-api-json\/wp\/v2\/comments?post=13251"}],"version-history":[{"count":2,"href":"https:\/\/www.lafresca.fm\/fresca-api-json\/wp\/v2\/posts\/13251\/revisions"}],"predecessor-version":[{"id":13254,"href":"https:\/\/www.lafresca.fm\/fresca-api-json\/wp\/v2\/posts\/13251\/revisions\/13254"}],"wp:featuredmedia":[{"embeddable":true,"href":"https:\/\/www.lafresca.fm\/fresca-api-json\/wp\/v2\/media\/13252"}],"wp:attachment":[{"href":"https:\/\/www.lafresca.fm\/fresca-api-json\/wp\/v2\/media?parent=13251"}],"wp:term":[{"taxonomy":"category","embeddable":true,"href":"https:\/\/www.lafresca.fm\/fresca-api-json\/wp\/v2\/categories?post=13251"},{"taxonomy":"post_tag","embeddable":true,"href":"https:\/\/www.lafresca.fm\/fresca-api-json\/wp\/v2\/tags?post=13251"}],"curies":[{"name":"wp","href":"https:\/\/api.w.org\/{rel}","templated":true}]}}