{"id":13255,"date":"2024-11-15T15:52:44","date_gmt":"2024-11-15T14:52:44","guid":{"rendered":"https:\/\/www.lafresca.fm\/?p=13255"},"modified":"2024-11-15T15:52:50","modified_gmt":"2024-11-15T14:52:50","slug":"el-ayuntamiento-de-ibi-anuncia-ayudas-para-familias-y-colectivos-vulnerables-tras-la-subida-del-ibi-en-un-62","status":"publish","type":"post","link":"https:\/\/www.lafresca.fm\/el-ayuntamiento-de-ibi-anuncia-ayudas-para-familias-y-colectivos-vulnerables-tras-la-subida-del-ibi-en-un-62\/","title":{"rendered":"El Ayuntamiento de Ibi anuncia ayudas para familias y colectivos vulnerables tras la subida del IBI en un 62%"},"content":{"rendered":"\n<ul class=\"wp-block-list\">\n<li><strong>Las ayudas consistir\u00e1n en una subvenci\u00f3n con un importe m\u00e1ximo de 400 \u20ac, que se aplicar\u00e1n al IBI de la vivienda habitual del a\u00f1o anterior a la convocatoria<\/strong><\/li>\n<\/ul>\n\n\n\n<ul class=\"wp-block-list\">\n<li><strong>El concejal de Hacienda del Ayuntamiento de Ibi se reunir\u00e1 con los responsables de SUMA para ampliar las modalidades de pago y facilidades de fragmentaci\u00f3n de recibos.<\/strong><\/li>\n<\/ul>\n\n\n\n<p>La Concejal\u00eda de Hacienda del Ayuntamiento de Ibi ha comunicado hoy la implementaci\u00f3n de una bater\u00eda de ayudas sobre el IBI actualizado en una subida del 62% para el a\u00f1o 2025, destinada a los colectivos m\u00e1s vulnerables como jubilados, pensionistas, desempleados de larga duraci\u00f3n o personas que acrediten un grado de minusval\u00eda igual o superior al 33%.<\/p>\n\n\n\n<p>Las ayudas consistir\u00e1n en una subvenci\u00f3n con un importe m\u00e1ximo de 400 \u20ac, que se aplicar\u00e1n al IBI de la vivienda habitual del a\u00f1o anterior a la convocatoria, con el fin de que no suponga un agravamiento de las condiciones de vida de las personas que sufren una situaci\u00f3n econ\u00f3mica desfavorecida.<\/p>\n\n\n\n<p>Para poder acceder a estas ayudas, los solicitantes tendr\u00e1n que estar empadronados en la vivienda que genera el pago del IBI, que el solicitante sea titular de una \u00fanica vivienda en la localidad y esta sea su residencia habitual, y estar al corriente de las obligaciones con la Agencia Tributaria y la Seguridad Social.<\/p>\n\n\n\n<p>Por otro lado, el concejal de Hacienda, David Rojas, mantendr\u00e1 una reuni\u00f3n con la direcci\u00f3n de SUMA en Ibi, para hacer posible el pago a plazos de este impuesto y declara que \u201cla tasa actualizada para el ejercicio 2025 obedece a la necesidad de adecuar los ingresos municipales a los gastos reales, que en la actualidad sufren de un d\u00e9ficit de 3,4 millones de euros arrastrado desde 2022, y que impide la redacci\u00f3n de los presupuestos y hacer frente a las inversiones y gastos b\u00e1sicos del Ayuntamiento\u201d.<\/p>\n<script>function PlayerjsAsync(){} if(window[\"Playerjs\"]){PlayerjsAsync();}<\/script>","protected":false},"excerpt":{"rendered":"<p>La Concejal\u00eda de Hacienda del Ayuntamiento de Ibi ha comunicado hoy la implementaci\u00f3n de una bater\u00eda de ayudas sobre el IBI actualizado en una subida del 62% para el a\u00f1o 2025, destinada a los colectivos m\u00e1s vulnerables como jubilados, pensionistas, desempleados de larga duraci\u00f3n o personas que acrediten un grado ...<\/p>\n","protected":false},"author":2,"featured_media":13256,"comment_status":"closed","ping_status":"closed","sticky":false,"template":"","format":"standard","meta":{"_monsterinsights_skip_tracking":false,"_monsterinsights_sitenote_active":false,"_monsterinsights_sitenote_note":"","_monsterinsights_sitenote_category":0,"footnotes":""},"categories":[4],"tags":[128],"class_list":["post-13255","post","type-post","status-publish","format-standard","has-post-thumbnail","hentry","category-alicante","tag-ibi"],"aioseo_notices":[],"_links":{"self":[{"href":"https:\/\/www.lafresca.fm\/fresca-api-json\/wp\/v2\/posts\/13255","targetHints":{"allow":["GET"]}}],"collection":[{"href":"https:\/\/www.lafresca.fm\/fresca-api-json\/wp\/v2\/posts"}],"about":[{"href":"https:\/\/www.lafresca.fm\/fresca-api-json\/wp\/v2\/types\/post"}],"author":[{"embeddable":true,"href":"https:\/\/www.lafresca.fm\/fresca-api-json\/wp\/v2\/users\/2"}],"replies":[{"embeddable":true,"href":"https:\/\/www.lafresca.fm\/fresca-api-json\/wp\/v2\/comments?post=13255"}],"version-history":[{"count":2,"href":"https:\/\/www.lafresca.fm\/fresca-api-json\/wp\/v2\/posts\/13255\/revisions"}],"predecessor-version":[{"id":13258,"href":"https:\/\/www.lafresca.fm\/fresca-api-json\/wp\/v2\/posts\/13255\/revisions\/13258"}],"wp:featuredmedia":[{"embeddable":true,"href":"https:\/\/www.lafresca.fm\/fresca-api-json\/wp\/v2\/media\/13256"}],"wp:attachment":[{"href":"https:\/\/www.lafresca.fm\/fresca-api-json\/wp\/v2\/media?parent=13255"}],"wp:term":[{"taxonomy":"category","embeddable":true,"href":"https:\/\/www.lafresca.fm\/fresca-api-json\/wp\/v2\/categories?post=13255"},{"taxonomy":"post_tag","embeddable":true,"href":"https:\/\/www.lafresca.fm\/fresca-api-json\/wp\/v2\/tags?post=13255"}],"curies":[{"name":"wp","href":"https:\/\/api.w.org\/{rel}","templated":true}]}}