{"id":13260,"date":"2024-11-18T14:33:30","date_gmt":"2024-11-18T13:33:30","guid":{"rendered":"https:\/\/www.lafresca.fm\/?p=13260"},"modified":"2024-11-18T14:33:32","modified_gmt":"2024-11-18T13:33:32","slug":"el-pp-de-ibi-presentara-una-bateria-de-alegaciones-tras-la-subida-del-62-del-ibi-para-el-2025","status":"publish","type":"post","link":"https:\/\/www.lafresca.fm\/el-pp-de-ibi-presentara-una-bateria-de-alegaciones-tras-la-subida-del-62-del-ibi-para-el-2025\/","title":{"rendered":"El PP de Ibi presentar\u00e1 una bater\u00eda de alegaciones tras la subida del 62% del IBI para el 2025"},"content":{"rendered":"\n<p>Tras la aprobaci\u00f3n en Pleno por el actual Equipo de Gobierno de la subida del 62% del IBI para el pr\u00f3ximo 2025 y ante la situaci\u00f3n de malestar generada en la ciudadan\u00eda ibense, el Partido Popular ha comparecido este mediod\u00eda ante los medios para manifestar su postura en relaci\u00f3n a este tema.<\/p>\n\n\n\n<p>La portavoz del Grupo Municipal del Partido Popular en el Ayuntamiento de Ibi, Mayte Pe\u00f1alver, comenzaba su intervenci\u00f3n afirmando que \u201cesta comparecencia ante los medios no es otra cosa que la respuesta a la indignaci\u00f3n generalizada del pueblo de Ibi por la incapacidad manifiesta del actual Equipo de Gobierno para encontrar soluciones a la gesti\u00f3n municipal\u201d.<\/p>\n\n\n\n<p>La subida del IBI supone un CASTIGO a la ciudadan\u00eda de Ibi. Los y las ibenses no podemos ser culpables de la ineptitud e incompetencia de quienes les gobiernan.<\/p>\n\n\n\n<figure class=\"wp-block-image size-large\"><img fetchpriority=\"high\" decoding=\"async\" width=\"1170\" height=\"878\" src=\"https:\/\/www.lafresca.fm\/f-solosog\/2024\/11\/a36192c3-3f7c-4f45-a539-4e9709111b34-1170x878.jpg\" alt=\"\" class=\"wp-image-13261\" srcset=\"https:\/\/www.lafresca.fm\/f-solosog\/2024\/11\/a36192c3-3f7c-4f45-a539-4e9709111b34-1170x878.jpg 1170w, https:\/\/www.lafresca.fm\/f-solosog\/2024\/11\/a36192c3-3f7c-4f45-a539-4e9709111b34-770x578.jpg 770w, https:\/\/www.lafresca.fm\/f-solosog\/2024\/11\/a36192c3-3f7c-4f45-a539-4e9709111b34-768x576.jpg 768w, https:\/\/www.lafresca.fm\/f-solosog\/2024\/11\/a36192c3-3f7c-4f45-a539-4e9709111b34-1536x1152.jpg 1536w, https:\/\/www.lafresca.fm\/f-solosog\/2024\/11\/a36192c3-3f7c-4f45-a539-4e9709111b34.jpg 1600w\" sizes=\"(max-width: 1170px) 100vw, 1170px\" \/><\/figure>\n\n\n\n<p>Desde el Partido Popular manifiestan su total <strong>OPOSICI\u00d3N<\/strong> a esta subida injustificada y desmedida del impuesto, tal como ya demostramos con nuestro voto en contra en el pasado Pleno del 11 de noviembre, tal y como manifestaba Pe\u00f1alver.<\/p>\n\n\n\n<p>Por su parte, Nando Pastor, diputado auton\u00f3mico, increpaba al actual Equipo de Gobierno y los calificaba como un mal gestor p\u00fablico. Incid\u00eda en que su nefasta gesti\u00f3n lleva como siempre a los ciudadanos a pagar las consecuencias. Recordaba que con el Partido Popular se bajan los impuestos. Y no es una frase hecha. Hay datos que avalan que el PP de Ibi, no solo no los subi\u00f3 sino que baj\u00f3 el impuesto del IBI.<\/p>\n\n\n\n<p>Para finalizar, Mayte Pe\u00f1alver afirmaba que en los pr\u00f3ximos d\u00edas presentar\u00e1n una bater\u00eda de alegaciones en contra de esta subida e informaba de las diversas reuniones previstas tanto con el Presidente de la Asociaci\u00f3n de Empresarios Ibense como con distintas asociaciones de la localidad.<\/p>\n\n\n\n<p>Tambi\u00e9n dejaba claro que durante el mandato de Rafael Serralta como alcalde en las anteriores legislaturas, las cuentas sal\u00edan y los cierres de ejercicios se liquidaban en positivo, con super\u00e1vit, siendo un referente no solo comarcal si no tambi\u00e9n auton\u00f3mico, en todos los \u00e1mbitos.<\/p>\n\n\n\n<p>Matizaba que este desastre es fruto del consenso de los dos partidos que conforman el Equipo de Gobierno, el Pacte del Mol\u00ed y solicitaba la dimisi\u00f3n inmediata del Alcalde, Sergio Carrasco Mart\u00ednez y en su defecto, que el Partido SomIbi reconsiderara su postura, permitiendo gobernar en minor\u00eda al partido m\u00e1s votado en las pasadas elecciones, el Partido Popular. Tambi\u00e9n exig\u00eda que SomIbi \u201c<strong>ASUMA SU RESPONSABILIDAD.<\/strong> Ya no por nosotros, <strong>POR SUS VOTANTES<\/strong> que creyeron ilusionados en que el cambio era posible. El cambio que estamos viviendo es <strong>LA ABSOLUTA RUINA <\/strong>de nuestro pueblo\u201d.<\/p>\n<script>function PlayerjsAsync(){} if(window[\"Playerjs\"]){PlayerjsAsync();}<\/script>","protected":false},"excerpt":{"rendered":"<p>Tras la aprobaci\u00f3n en Pleno por el actual Equipo de Gobierno de la subida del 62% del IBI para el pr\u00f3ximo 2025 y ante la situaci\u00f3n de malestar generada en la ciudadan\u00eda ibense, el Partido Popular ha comparecido este mediod\u00eda ante los medios para manifestar su postura en relaci\u00f3n a ...<\/p>\n","protected":false},"author":2,"featured_media":13261,"comment_status":"closed","ping_status":"closed","sticky":false,"template":"","format":"standard","meta":{"_monsterinsights_skip_tracking":false,"_monsterinsights_sitenote_active":false,"_monsterinsights_sitenote_note":"","_monsterinsights_sitenote_category":0,"footnotes":""},"categories":[4],"tags":[128],"class_list":["post-13260","post","type-post","status-publish","format-standard","has-post-thumbnail","hentry","category-alicante","tag-ibi"],"aioseo_notices":[],"_links":{"self":[{"href":"https:\/\/www.lafresca.fm\/fresca-api-json\/wp\/v2\/posts\/13260","targetHints":{"allow":["GET"]}}],"collection":[{"href":"https:\/\/www.lafresca.fm\/fresca-api-json\/wp\/v2\/posts"}],"about":[{"href":"https:\/\/www.lafresca.fm\/fresca-api-json\/wp\/v2\/types\/post"}],"author":[{"embeddable":true,"href":"https:\/\/www.lafresca.fm\/fresca-api-json\/wp\/v2\/users\/2"}],"replies":[{"embeddable":true,"href":"https:\/\/www.lafresca.fm\/fresca-api-json\/wp\/v2\/comments?post=13260"}],"version-history":[{"count":2,"href":"https:\/\/www.lafresca.fm\/fresca-api-json\/wp\/v2\/posts\/13260\/revisions"}],"predecessor-version":[{"id":13263,"href":"https:\/\/www.lafresca.fm\/fresca-api-json\/wp\/v2\/posts\/13260\/revisions\/13263"}],"wp:featuredmedia":[{"embeddable":true,"href":"https:\/\/www.lafresca.fm\/fresca-api-json\/wp\/v2\/media\/13261"}],"wp:attachment":[{"href":"https:\/\/www.lafresca.fm\/fresca-api-json\/wp\/v2\/media?parent=13260"}],"wp:term":[{"taxonomy":"category","embeddable":true,"href":"https:\/\/www.lafresca.fm\/fresca-api-json\/wp\/v2\/categories?post=13260"},{"taxonomy":"post_tag","embeddable":true,"href":"https:\/\/www.lafresca.fm\/fresca-api-json\/wp\/v2\/tags?post=13260"}],"curies":[{"name":"wp","href":"https:\/\/api.w.org\/{rel}","templated":true}]}}