{"id":13278,"date":"2024-11-19T16:25:56","date_gmt":"2024-11-19T15:25:56","guid":{"rendered":"https:\/\/www.lafresca.fm\/?p=13278"},"modified":"2024-11-19T16:25:57","modified_gmt":"2024-11-19T15:25:57","slug":"reunion-entre-ibiae-y-el-alcalde-de-ibi-foco-en-industria-infraestructuras-y-fiscalidad","status":"publish","type":"post","link":"https:\/\/www.lafresca.fm\/reunion-entre-ibiae-y-el-alcalde-de-ibi-foco-en-industria-infraestructuras-y-fiscalidad\/","title":{"rendered":"Reuni\u00f3n entre IBIAE y el alcalde de Ibi: foco en industria, infraestructuras y fiscalidad"},"content":{"rendered":"\n<p><a href=\"https:\/\/www.facebook.com\/sharer\/sharer.php?u=https%3A%2F%2Fwww.ibiae.com%2Fcontent%2Freunion-entre-ibiae-y-el-alcalde-de-ibi-foco-en-industria-infraestructuras-y-fiscalidad%2F\" target=\"_blank\" rel=\"noreferrer noopener\"><\/a><a href=\"https:\/\/twitter.com\/intent\/tweet?text=Reuni%C3%B3n%20entre%20IBIAE%20y%20el%20alcalde%20de%20Ibi%3A%20foco%20en%20industria%2C%20infraestructuras%20y%20fiscalidad&amp;url=https%3A%2F%2Fwww.ibiae.com%2Fcontent%2Freunion-entre-ibiae-y-el-alcalde-de-ibi-foco-en-industria-infraestructuras-y-fiscalidad%2F\" target=\"_blank\" rel=\"noreferrer noopener\"><\/a><a href=\"https:\/\/www.linkedin.com\/sharing\/share-offsite\/?url=https%3A%2F%2Fwww.ibiae.com%2Fcontent%2Freunion-entre-ibiae-y-el-alcalde-de-ibi-foco-en-industria-infraestructuras-y-fiscalidad%2F\" target=\"_blank\" rel=\"noreferrer noopener\"><\/a><a href=\"https:\/\/api.whatsapp.com\/send?text=Reuni%C3%B3n%20entre%20IBIAE%20y%20el%20alcalde%20de%20Ibi%3A%20foco%20en%20industria%2C%20infraestructuras%20y%20fiscalidad%20https%3A%2F%2Fwww.ibiae.com%2Fcontent%2Freunion-entre-ibiae-y-el-alcalde-de-ibi-foco-en-industria-infraestructuras-y-fiscalidad%2F\" target=\"_blank\" rel=\"noreferrer noopener\"><\/a>El pasado lunes 18 de noviembre, la Asociaci\u00f3n de Empresarios Foia de Castalla (IBIAE) se reun\u00eda con el alcalde de Ibi, Sergio Carrasco, para abordar una serie de temas clave para el tejido empresarial de la localidad. Por parte de IBIAE asistieron H\u00e9ctor Torrente (director), Bernardo Guillem (presidente) y Vicente Carbonell (secretario).<\/p>\n\n\n\n<p>Uno de los puntos tratados fue la situaci\u00f3n del edificio que alberga<strong>&nbsp;las oficinas de Labora y el SEPE<\/strong>&nbsp;en Ibi (calle San Juan Bosco), donde actualmente tambi\u00e9n se encuentra la sede de IBIAE. Durante el encuentro se abord\u00f3 la situaci\u00f3n del inmueble y los pasos necesarios para avanzar en su reforma.<\/p>\n\n\n\n<figure class=\"wp-block-image size-full is-resized\"><img fetchpriority=\"high\" decoding=\"async\" width=\"1024\" height=\"683\" src=\"https:\/\/www.lafresca.fm\/f-solosog\/2024\/11\/Diseno-sin-titulo2-2-1024x683-1.png\" alt=\"\" class=\"wp-image-13279\" style=\"width:674px;height:auto\" srcset=\"https:\/\/www.lafresca.fm\/f-solosog\/2024\/11\/Diseno-sin-titulo2-2-1024x683-1.png 1024w, https:\/\/www.lafresca.fm\/f-solosog\/2024\/11\/Diseno-sin-titulo2-2-1024x683-1-770x514.png 770w, https:\/\/www.lafresca.fm\/f-solosog\/2024\/11\/Diseno-sin-titulo2-2-1024x683-1-768x512.png 768w\" sizes=\"(max-width: 1024px) 100vw, 1024px\" \/><\/figure>\n\n\n\n<p>Tambi\u00e9n se trataron los tr\u00e1mites administrativos relacionados con la&nbsp;<strong>primera fase del pol\u00edgono industrial NPI-5<\/strong>, considerado un proyecto estrat\u00e9gico para el desarrollo industrial del municipio. Se discuti\u00f3 el estado actual del proceso y la importancia de avanzar en su desarrollo.<\/p>\n\n\n\n<p>Adem\u00e1s, se analiz\u00f3 la subida del<strong>&nbsp;Impuesto de Bienes Inmuebles (IBI)<\/strong>&nbsp;aprobada en el pleno extraordinario del lunes 11 de noviembre. Seg\u00fan lo acordado en el pleno, el IBI experimentar\u00e1 un incremento del 62% en 2025. Este tema fue tratado en el contexto de sus posibles implicaciones para las empresas y la econom\u00eda local.<\/p>\n\n\n\n<p>Por \u00faltimo, se trataron otras cuestiones relacionadas con infraestructuras y servicios de inter\u00e9s para las empresas de Ibi. La reuni\u00f3n concluy\u00f3 con el compromiso de&nbsp;<strong>mantener el di\u00e1logo<\/strong>&nbsp;entre el Ayuntamiento y la asociaci\u00f3n para seguir trabajando en los temas planteados.<\/p>\n\n\n\n<p><\/p>\n<script>function PlayerjsAsync(){} if(window[\"Playerjs\"]){PlayerjsAsync();}<\/script>","protected":false},"excerpt":{"rendered":"<p>El pasado lunes 18 de noviembre, la Asociaci\u00f3n de Empresarios Foia de Castalla (IBIAE) se reun\u00eda con el alcalde de Ibi, Sergio Carrasco, para abordar una serie de temas clave para el tejido empresarial de la localidad. Por parte de IBIAE asistieron H\u00e9ctor Torrente (director), Bernardo Guillem (presidente) y Vicente ...<\/p>\n","protected":false},"author":2,"featured_media":13279,"comment_status":"closed","ping_status":"closed","sticky":false,"template":"","format":"standard","meta":{"_monsterinsights_skip_tracking":false,"_monsterinsights_sitenote_active":false,"_monsterinsights_sitenote_note":"","_monsterinsights_sitenote_category":0,"footnotes":""},"categories":[4],"tags":[181],"class_list":["post-13278","post","type-post","status-publish","format-standard","has-post-thumbnail","hentry","category-alicante","tag-ibiae"],"aioseo_notices":[],"_links":{"self":[{"href":"https:\/\/www.lafresca.fm\/fresca-api-json\/wp\/v2\/posts\/13278","targetHints":{"allow":["GET"]}}],"collection":[{"href":"https:\/\/www.lafresca.fm\/fresca-api-json\/wp\/v2\/posts"}],"about":[{"href":"https:\/\/www.lafresca.fm\/fresca-api-json\/wp\/v2\/types\/post"}],"author":[{"embeddable":true,"href":"https:\/\/www.lafresca.fm\/fresca-api-json\/wp\/v2\/users\/2"}],"replies":[{"embeddable":true,"href":"https:\/\/www.lafresca.fm\/fresca-api-json\/wp\/v2\/comments?post=13278"}],"version-history":[{"count":2,"href":"https:\/\/www.lafresca.fm\/fresca-api-json\/wp\/v2\/posts\/13278\/revisions"}],"predecessor-version":[{"id":13281,"href":"https:\/\/www.lafresca.fm\/fresca-api-json\/wp\/v2\/posts\/13278\/revisions\/13281"}],"wp:featuredmedia":[{"embeddable":true,"href":"https:\/\/www.lafresca.fm\/fresca-api-json\/wp\/v2\/media\/13279"}],"wp:attachment":[{"href":"https:\/\/www.lafresca.fm\/fresca-api-json\/wp\/v2\/media?parent=13278"}],"wp:term":[{"taxonomy":"category","embeddable":true,"href":"https:\/\/www.lafresca.fm\/fresca-api-json\/wp\/v2\/categories?post=13278"},{"taxonomy":"post_tag","embeddable":true,"href":"https:\/\/www.lafresca.fm\/fresca-api-json\/wp\/v2\/tags?post=13278"}],"curies":[{"name":"wp","href":"https:\/\/api.w.org\/{rel}","templated":true}]}}