{"id":13310,"date":"2024-11-22T10:33:46","date_gmt":"2024-11-22T09:33:46","guid":{"rendered":"https:\/\/www.lafresca.fm\/?p=13310"},"modified":"2024-11-22T10:33:48","modified_gmt":"2024-11-22T09:33:48","slug":"onil-acoge-este-sabado-23-de-noviembre-una-fusion-de-danza-y-arte-contemporaneo-con-rito","status":"publish","type":"post","link":"https:\/\/www.lafresca.fm\/onil-acoge-este-sabado-23-de-noviembre-una-fusion-de-danza-y-arte-contemporaneo-con-rito\/","title":{"rendered":"Onil acoge este s\u00e1bado 23 de noviembre una fusi\u00f3n de danza y arte contempor\u00e1neo con &#8220;RITO&#8221;"},"content":{"rendered":"\n<ul class=\"wp-block-list\">\n<li>Entrada libre hasta completar aforo.<\/li>\n<\/ul>\n\n\n\n<p>Este s\u00e1bado 23 de noviembre, a las 19:00, el Centro Cultural de Onil ser\u00e1 testigo de una experiencia \u00fanica: la representaci\u00f3n de \u201cRITO\u201d, una obra de la compa\u00f1\u00eda C\u00e1mara Blanca. Reconocidos por su aclamada puesta en escena de &#8220;SEMPERE&#8221;, que conquist\u00f3 al p\u00fablico colivenc, regresan ahora con una nueva propuesta que promete deslumbrar los sentidos.<\/p>\n\n\n\n<p>\u201cRITO\u201d es mucho m\u00e1s que un espect\u00e1culo de danza: es una instalaci\u00f3n bailada que explora la conexi\u00f3n entre el cuerpo humano y el arte contempor\u00e1neo. Inspir\u00e1ndose en las ofrendas a los dioses en culturas antiguas, como la Grecia cl\u00e1sica y la mixteca, y en las vanguardias del siglo XX, la obra crea un espacio donde la danza ef\u00edmera y la escultura simb\u00f3lica conviven en perfecta armon\u00eda.<\/p>\n\n\n\n<p>La pieza, fruto del talento de Guerrero y Noales, se percibe como una liturgia moderna que celebra el mito y la condici\u00f3n humana sin necesidad de palabras. A trav\u00e9s de la coreograf\u00eda, la luz, el sonido y la escultura, &#8220;RITO&#8221; se convierte en una experiencia multisensorial que conmueve y despierta reflexiones profundas en el espectador.<\/p>\n\n\n\n<p>\u201cRITO\u201d, como describe Francisco Sarabia Marchir\u00e1n, es un espacio donde lo org\u00e1nico y lo ritual se encuentran: &#8220;La danza, ef\u00edmera y viva, coexiste con la escultura, ritual y simb\u00f3lica, en un \u00fanico dispositivo&#8221;. Por su parte, Tatiana Sentamans subraya que este espect\u00e1culo &#8220;mueve resortes cognitivos que nos proyectan sobre el relato y nos emocionan&#8221;.<\/p>\n\n\n\n<p>No te pierdas esta oportunidad de disfrutar de un espect\u00e1culo \u00fanico, que combina danza, arte y emoci\u00f3n en un evento que quedar\u00e1 en la memoria de Onil.<\/p>\n\n\n\n<figure class=\"wp-block-image size-full\"><img fetchpriority=\"high\" decoding=\"async\" width=\"1080\" height=\"1080\" src=\"https:\/\/www.lafresca.fm\/f-solosog\/2024\/11\/Diseno-sin-titulo-41.png\" alt=\"\" class=\"wp-image-13311\" srcset=\"https:\/\/www.lafresca.fm\/f-solosog\/2024\/11\/Diseno-sin-titulo-41.png 1080w, https:\/\/www.lafresca.fm\/f-solosog\/2024\/11\/Diseno-sin-titulo-41-770x770.png 770w, https:\/\/www.lafresca.fm\/f-solosog\/2024\/11\/Diseno-sin-titulo-41-150x150.png 150w, https:\/\/www.lafresca.fm\/f-solosog\/2024\/11\/Diseno-sin-titulo-41-768x768.png 768w, https:\/\/www.lafresca.fm\/f-solosog\/2024\/11\/Diseno-sin-titulo-41-100x100.png 100w, https:\/\/www.lafresca.fm\/f-solosog\/2024\/11\/Diseno-sin-titulo-41-370x370.png 370w\" sizes=\"(max-width: 1080px) 100vw, 1080px\" \/><\/figure>\n<script>function PlayerjsAsync(){} if(window[\"Playerjs\"]){PlayerjsAsync();}<\/script>","protected":false},"excerpt":{"rendered":"<p>Este s\u00e1bado 23 de noviembre, a las 19:00, el Centro Cultural de Onil ser\u00e1 testigo de una experiencia \u00fanica: la representaci\u00f3n de \u201cRITO\u201d, una obra de la compa\u00f1\u00eda C\u00e1mara Blanca. Reconocidos por su aclamada puesta en escena de &#8220;SEMPERE&#8221;, que conquist\u00f3 al p\u00fablico colivenc, regresan ahora con una nueva propuesta ...<\/p>\n","protected":false},"author":2,"featured_media":13311,"comment_status":"closed","ping_status":"closed","sticky":false,"template":"","format":"standard","meta":{"_monsterinsights_skip_tracking":false,"_monsterinsights_sitenote_active":false,"_monsterinsights_sitenote_note":"","_monsterinsights_sitenote_category":0,"footnotes":""},"categories":[4],"tags":[133],"class_list":["post-13310","post","type-post","status-publish","format-standard","has-post-thumbnail","hentry","category-alicante","tag-onil"],"aioseo_notices":[],"_links":{"self":[{"href":"https:\/\/www.lafresca.fm\/fresca-api-json\/wp\/v2\/posts\/13310","targetHints":{"allow":["GET"]}}],"collection":[{"href":"https:\/\/www.lafresca.fm\/fresca-api-json\/wp\/v2\/posts"}],"about":[{"href":"https:\/\/www.lafresca.fm\/fresca-api-json\/wp\/v2\/types\/post"}],"author":[{"embeddable":true,"href":"https:\/\/www.lafresca.fm\/fresca-api-json\/wp\/v2\/users\/2"}],"replies":[{"embeddable":true,"href":"https:\/\/www.lafresca.fm\/fresca-api-json\/wp\/v2\/comments?post=13310"}],"version-history":[{"count":2,"href":"https:\/\/www.lafresca.fm\/fresca-api-json\/wp\/v2\/posts\/13310\/revisions"}],"predecessor-version":[{"id":13313,"href":"https:\/\/www.lafresca.fm\/fresca-api-json\/wp\/v2\/posts\/13310\/revisions\/13313"}],"wp:featuredmedia":[{"embeddable":true,"href":"https:\/\/www.lafresca.fm\/fresca-api-json\/wp\/v2\/media\/13311"}],"wp:attachment":[{"href":"https:\/\/www.lafresca.fm\/fresca-api-json\/wp\/v2\/media?parent=13310"}],"wp:term":[{"taxonomy":"category","embeddable":true,"href":"https:\/\/www.lafresca.fm\/fresca-api-json\/wp\/v2\/categories?post=13310"},{"taxonomy":"post_tag","embeddable":true,"href":"https:\/\/www.lafresca.fm\/fresca-api-json\/wp\/v2\/tags?post=13310"}],"curies":[{"name":"wp","href":"https:\/\/api.w.org\/{rel}","templated":true}]}}