{"id":13320,"date":"2024-11-22T15:51:50","date_gmt":"2024-11-22T14:51:50","guid":{"rendered":"https:\/\/www.lafresca.fm\/?p=13320"},"modified":"2024-11-22T15:51:52","modified_gmt":"2024-11-22T14:51:52","slug":"onil-celebra-el-200-aniversario-del-nostre-senyor-robat-dentro-del-ano-jubilar","status":"publish","type":"post","link":"https:\/\/www.lafresca.fm\/onil-celebra-el-200-aniversario-del-nostre-senyor-robat-dentro-del-ano-jubilar\/","title":{"rendered":"Onil Celebra el 200 Aniversario del &#8220;Nostre Senyor Robat&#8221; dentro del A\u00f1o Jubilar"},"content":{"rendered":"\n<p>CELEBRACI\u00d3N BICENTENARIO DEL NOSTRE SENYOR ROBAT<\/p>\n\n\n\n<p>La localidad de Onil se viste de gala para conmemorar el 200 aniversario del &#8220;Nostre Senyor Robat&#8221;, uno de los s\u00edmbolos m\u00e1s queridos y venerados de la localidad. Este evento se enmarca dentro del A\u00f1o Jubilar del \u201cNostre Senyor Robat\u201d otorgado por la Iglesia Cat\u00f3lica, que re\u00fane a la comunidad en una serie de actos religiosos, culturales y festivos para rendir homenaje a su hist\u00f3rica devoci\u00f3n.<\/p>\n\n\n\n<p>El 2024 es un a\u00f1o muy especial ya que se celebra 200 a\u00f1os de la permanencia de la sagrada forma en Onil, siendo un milagro eucaristico certificado por la iglesia cat\u00f3lica.<\/p>\n\n\n\n<p>Cada a\u00f1o en Onil en el mes de noviembre se celebra la Festividad del Nostre Senyor Robat, donde se conmemoran los sucesos acontecidos el 5 de noviembre de 1824 en Onil.<\/p>\n\n\n\n<figure class=\"wp-block-image size-large is-resized\"><img fetchpriority=\"high\" decoding=\"async\" width=\"780\" height=\"1170\" src=\"https:\/\/www.lafresca.fm\/f-solosog\/2024\/11\/WhatsApp-Image-2024-11-15-at-22.42.01-780x1170.jpeg\" alt=\"\" class=\"wp-image-13323\" style=\"width:505px;height:auto\" srcset=\"https:\/\/www.lafresca.fm\/f-solosog\/2024\/11\/WhatsApp-Image-2024-11-15-at-22.42.01-780x1170.jpeg 780w, https:\/\/www.lafresca.fm\/f-solosog\/2024\/11\/WhatsApp-Image-2024-11-15-at-22.42.01-514x770.jpeg 514w, https:\/\/www.lafresca.fm\/f-solosog\/2024\/11\/WhatsApp-Image-2024-11-15-at-22.42.01-768x1151.jpeg 768w, https:\/\/www.lafresca.fm\/f-solosog\/2024\/11\/WhatsApp-Image-2024-11-15-at-22.42.01-1025x1536.jpeg 1025w, https:\/\/www.lafresca.fm\/f-solosog\/2024\/11\/WhatsApp-Image-2024-11-15-at-22.42.01.jpeg 1366w\" sizes=\"(max-width: 780px) 100vw, 780px\" \/><\/figure>\n\n\n\n<p>La historia comienza un d\u00eda de 1824 cuando el Reverendo D. Francisco Tormo consagr\u00f3 en la misa el pan y el vino. Entonces, en la madrugada del 4 al 5 de Noviembre, Nicol\u00e1s Bernabeu, natural de Tibi, que en su infancia hab\u00eda sido monaguillo en Onil y que seguramente se hab\u00eda escondido en la iglesia despu\u00e9s de la misa , rob\u00f3 el viril de oro que conten\u00eda en su interior la Sagrada Forma junto con otros objetos de valor.<\/p>\n\n\n\n<p>Cuando lleg\u00f3 a Tibi, la escondi\u00f3 de prisa y corriendo, en el paraje de la &#8220;Volta Blanca&#8221;. Posteriormente y pens\u00e1ndose que aquel no era un buen lugar, le escondi\u00f3 en &#8221; La Pedrera&#8221;, tambi\u00e9n en el t\u00e9rmino municipal de Tibi.<\/p>\n\n\n\n<p>Entonces, cuando crey\u00f3 que estaba bien escondido, fue a Alicante a vender varias piezas. All\u00ed en la plater\u00eda de Am\u00e9rigo, el comerciante se percat\u00f3 de que le quer\u00edan vender una pieza robada de la iglesia de Onil. Nicol\u00e1s Bernabeu fu\u00e9 detenido y lo encerraron en el calabozo del Palacio en Onil.<\/p>\n\n\n\n<p>Todos los vecinos del pueblo buscaban la Sagrada Forma por los alrededores de la villa, pero, es Teresa Carbonell vecina de Tibi, la que la encuentra en &#8220;La Pedrera&#8221;. Avisados los pueblos de Tibi Castalla y Onil salen junto a las autoridades hacia Tibi para acompa\u00f1ar de un pueblo a otro el Sagrado Viril hasta la parroquia de Onil,instituyendo tres d\u00edas de oraciones en desagravio por el sacrilegio cometido. Fiestas que contin\u00faan hasta nuestros d\u00edas, no solo como reparaci\u00f3n sino tambi\u00e9n como gran gozo por el privilegio de tener desde entonces la misma Sagrada Forma incorrupta en nuestro pueblo.<\/p>\n\n\n\n<p>Durante todo el A\u00f1o Jubilar, se han realizado una serie de eventos conmemorativos para celebrar este hito hist\u00f3rico.<\/p>\n\n\n\n<p>En los pr\u00f3ximos d\u00edas nos adentramos en la semana m\u00e1s importante con la festividad del Nostre senyor Robat con actos de gran importancia.<\/p>\n\n\n\n<p>El Ayuntamiento de Onil invita a todos los vecinos, peregrinos, turistas y a cuantos deseen participar, a sumarse a la celebraci\u00f3n del 200 aniversario del &#8220;Nostre Senyor Robat&#8221;. Este a\u00f1o jubilar ser\u00e1, sin duda, una oportunidad para recordar y rendir homenaje a una de las tradiciones m\u00e1s entra\u00f1ables de la localidad y, al mismo tiempo, una ocasi\u00f3n para vivir la fe y el fervor que han marcado la historia de Onil.<\/p>\n\n\n\n<figure class=\"wp-block-image size-large\"><img decoding=\"async\" width=\"1170\" height=\"904\" src=\"https:\/\/www.lafresca.fm\/f-solosog\/2024\/11\/DOMINGO-24-DE-NOVIEMBRE-0700H-Peregrinacion-del-Nostre-Senyor-Robat-desde-Tibi-a-Onil-1800h-Robo-y-hallazgo-del-Nostre-Senyor-Robat-Narracion-Dramatizada-en-la-Iglesia-de-Santiago-Apostol-de--1170x904.png\" alt=\"\" class=\"wp-image-13321\" srcset=\"https:\/\/www.lafresca.fm\/f-solosog\/2024\/11\/DOMINGO-24-DE-NOVIEMBRE-0700H-Peregrinacion-del-Nostre-Senyor-Robat-desde-Tibi-a-Onil-1800h-Robo-y-hallazgo-del-Nostre-Senyor-Robat-Narracion-Dramatizada-en-la-Iglesia-de-Santiago-Apostol-de--1170x904.png 1170w, https:\/\/www.lafresca.fm\/f-solosog\/2024\/11\/DOMINGO-24-DE-NOVIEMBRE-0700H-Peregrinacion-del-Nostre-Senyor-Robat-desde-Tibi-a-Onil-1800h-Robo-y-hallazgo-del-Nostre-Senyor-Robat-Narracion-Dramatizada-en-la-Iglesia-de-Santiago-Apostol-de--770x595.png 770w, https:\/\/www.lafresca.fm\/f-solosog\/2024\/11\/DOMINGO-24-DE-NOVIEMBRE-0700H-Peregrinacion-del-Nostre-Senyor-Robat-desde-Tibi-a-Onil-1800h-Robo-y-hallazgo-del-Nostre-Senyor-Robat-Narracion-Dramatizada-en-la-Iglesia-de-Santiago-Apostol-de--768x593.png 768w, https:\/\/www.lafresca.fm\/f-solosog\/2024\/11\/DOMINGO-24-DE-NOVIEMBRE-0700H-Peregrinacion-del-Nostre-Senyor-Robat-desde-Tibi-a-Onil-1800h-Robo-y-hallazgo-del-Nostre-Senyor-Robat-Narracion-Dramatizada-en-la-Iglesia-de-Santiago-Apostol-de--1536x1187.png 1536w, https:\/\/www.lafresca.fm\/f-solosog\/2024\/11\/DOMINGO-24-DE-NOVIEMBRE-0700H-Peregrinacion-del-Nostre-Senyor-Robat-desde-Tibi-a-Onil-1800h-Robo-y-hallazgo-del-Nostre-Senyor-Robat-Narracion-Dramatizada-en-la-Iglesia-de-Santiago-Apostol-de-.png 2000w\" sizes=\"(max-width: 1170px) 100vw, 1170px\" \/><\/figure>\n<script>function PlayerjsAsync(){} if(window[\"Playerjs\"]){PlayerjsAsync();}<\/script>","protected":false},"excerpt":{"rendered":"<p>CELEBRACI\u00d3N BICENTENARIO DEL NOSTRE SENYOR ROBAT La localidad de Onil se viste de gala para conmemorar el 200 aniversario del &#8220;Nostre Senyor Robat&#8221;, uno de los s\u00edmbolos m\u00e1s queridos y venerados de la localidad. Este evento se enmarca dentro del A\u00f1o Jubilar del \u201cNostre Senyor Robat\u201d otorgado por la Iglesia ...<\/p>\n","protected":false},"author":2,"featured_media":13323,"comment_status":"closed","ping_status":"closed","sticky":false,"template":"","format":"standard","meta":{"_monsterinsights_skip_tracking":false,"_monsterinsights_sitenote_active":false,"_monsterinsights_sitenote_note":"","_monsterinsights_sitenote_category":0,"footnotes":""},"categories":[4],"tags":[133],"class_list":["post-13320","post","type-post","status-publish","format-standard","has-post-thumbnail","hentry","category-alicante","tag-onil"],"aioseo_notices":[],"_links":{"self":[{"href":"https:\/\/www.lafresca.fm\/fresca-api-json\/wp\/v2\/posts\/13320","targetHints":{"allow":["GET"]}}],"collection":[{"href":"https:\/\/www.lafresca.fm\/fresca-api-json\/wp\/v2\/posts"}],"about":[{"href":"https:\/\/www.lafresca.fm\/fresca-api-json\/wp\/v2\/types\/post"}],"author":[{"embeddable":true,"href":"https:\/\/www.lafresca.fm\/fresca-api-json\/wp\/v2\/users\/2"}],"replies":[{"embeddable":true,"href":"https:\/\/www.lafresca.fm\/fresca-api-json\/wp\/v2\/comments?post=13320"}],"version-history":[{"count":2,"href":"https:\/\/www.lafresca.fm\/fresca-api-json\/wp\/v2\/posts\/13320\/revisions"}],"predecessor-version":[{"id":13325,"href":"https:\/\/www.lafresca.fm\/fresca-api-json\/wp\/v2\/posts\/13320\/revisions\/13325"}],"wp:featuredmedia":[{"embeddable":true,"href":"https:\/\/www.lafresca.fm\/fresca-api-json\/wp\/v2\/media\/13323"}],"wp:attachment":[{"href":"https:\/\/www.lafresca.fm\/fresca-api-json\/wp\/v2\/media?parent=13320"}],"wp:term":[{"taxonomy":"category","embeddable":true,"href":"https:\/\/www.lafresca.fm\/fresca-api-json\/wp\/v2\/categories?post=13320"},{"taxonomy":"post_tag","embeddable":true,"href":"https:\/\/www.lafresca.fm\/fresca-api-json\/wp\/v2\/tags?post=13320"}],"curies":[{"name":"wp","href":"https:\/\/api.w.org\/{rel}","templated":true}]}}