{"id":13327,"date":"2024-11-25T10:22:34","date_gmt":"2024-11-25T09:22:34","guid":{"rendered":"https:\/\/www.lafresca.fm\/?p=13327"},"modified":"2024-11-25T10:31:23","modified_gmt":"2024-11-25T09:31:23","slug":"llega-a-ibi-las-i-jornadas-de-ocio-alternativo-ibicon-los-dias-14-y-15-de-diciembre","status":"publish","type":"post","link":"https:\/\/www.lafresca.fm\/llega-a-ibi-las-i-jornadas-de-ocio-alternativo-ibicon-los-dias-14-y-15-de-diciembre\/","title":{"rendered":"Llega a Ibi las I Jornadas de Ocio Alternativo &#8220;Ibicon&#8221; los d\u00edas 14 y 15 de diciembre"},"content":{"rendered":"\n<p>Este pasado viernes 22 de noviembre, a las 20:00 tuvo lugar en la cafeter\u00eda del Centro Cultural Salvador Mir\u00f3 la presentaci\u00f3n del evento \u201cIbicon\u201d, a cargo de parte de la organizaci\u00f3n, estando presentes tambi\u00e9n la concejala de cultura, el concejal de juventud y el alcalde.<\/p>\n\n\n\n<p>Durante el acto, al que acudieron unas cuarenta personas, la organizaci\u00f3n fue desglosando y explicando todas las actividades que se realizar\u00e1n durante la convenci\u00f3n, que tendr\u00e1 lugar en la misma Casa de la Cultura los d\u00edas 14 y 15 de diciembre, en horario de 10:00 a 14:00 y de 16;00 a 21:00 el 14 y de 10:00 a 15;00 el 15.<\/p>\n\n\n\n<figure class=\"wp-block-image size-large\"><img fetchpriority=\"high\" decoding=\"async\" width=\"1170\" height=\"554\" src=\"https:\/\/www.lafresca.fm\/f-solosog\/2024\/11\/WhatsApp-Image-2024-11-23-at-21.09.19-1170x554.jpeg\" alt=\"\" class=\"wp-image-13328\" srcset=\"https:\/\/www.lafresca.fm\/f-solosog\/2024\/11\/WhatsApp-Image-2024-11-23-at-21.09.19-1170x554.jpeg 1170w, https:\/\/www.lafresca.fm\/f-solosog\/2024\/11\/WhatsApp-Image-2024-11-23-at-21.09.19-770x364.jpeg 770w, https:\/\/www.lafresca.fm\/f-solosog\/2024\/11\/WhatsApp-Image-2024-11-23-at-21.09.19-768x363.jpeg 768w, https:\/\/www.lafresca.fm\/f-solosog\/2024\/11\/WhatsApp-Image-2024-11-23-at-21.09.19-1536x727.jpeg 1536w, https:\/\/www.lafresca.fm\/f-solosog\/2024\/11\/WhatsApp-Image-2024-11-23-at-21.09.19.jpeg 1600w\" sizes=\"(max-width: 1170px) 100vw, 1170px\" \/><\/figure>\n\n\n\n<p>Entre las actividades se encuentra exposiciones, la presencia de artistas que vender\u00e1n sus obras, dos ludotecas, una infantil y otra familiar, torneos de los juegos de mesa \u201cCat\u00e1n\u201d y \u201cCarcassonne\u201d, concurso de cosplay y de adivinar el anime, videojuegos con torneo de Street Fighter II, stands de tiendas de merchandising y librer\u00edas, realidad virtual y aumentada, exposici\u00f3n de figuras de Dragon Ball, partidas de juegos de rol con presencia de personas conocidas en el mundillo, presentaciones de libros, talleres de manualidades y varias actividades m\u00e1s.<\/p>\n\n\n\n<p>Asimismo, se comunic\u00f3 que se realizar\u00eda una rifa al final del evento, y que habr\u00eda posibilidad de colaborar de diversas formas con las localidades afectadas por la DANA.<\/p>\n\n\n\n<p>Tras ello, los y las representantes pol\u00edticos elogiaron el trabajo de la organizaci\u00f3n y volvieron a mostrar el apoyo del Ayuntamiento a la actividad.<\/p>\n\n\n\n<figure class=\"wp-block-image size-full\"><img decoding=\"async\" width=\"300\" height=\"458\" src=\"https:\/\/www.lafresca.fm\/f-solosog\/2024\/11\/214_671f6978488c9.jpg\" alt=\"\" class=\"wp-image-13329\"\/><\/figure>\n<script>function PlayerjsAsync(){} if(window[\"Playerjs\"]){PlayerjsAsync();}<\/script>","protected":false},"excerpt":{"rendered":"<p>Este pasado viernes 22 de noviembre, a las 20:00 tuvo lugar en la cafeter\u00eda del Centro Cultural Salvador Mir\u00f3 la presentaci\u00f3n del evento \u201cIbicon\u201d, a cargo de parte de la organizaci\u00f3n, estando presentes tambi\u00e9n la concejala de cultura, el concejal de juventud y el alcalde. Durante el acto, al que ...<\/p>\n","protected":false},"author":2,"featured_media":13328,"comment_status":"closed","ping_status":"closed","sticky":false,"template":"","format":"standard","meta":{"_monsterinsights_skip_tracking":false,"_monsterinsights_sitenote_active":false,"_monsterinsights_sitenote_note":"","_monsterinsights_sitenote_category":0,"footnotes":""},"categories":[4],"tags":[128,800],"class_list":["post-13327","post","type-post","status-publish","format-standard","has-post-thumbnail","hentry","category-alicante","tag-ibi","tag-ibicon"],"aioseo_notices":[],"_links":{"self":[{"href":"https:\/\/www.lafresca.fm\/fresca-api-json\/wp\/v2\/posts\/13327","targetHints":{"allow":["GET"]}}],"collection":[{"href":"https:\/\/www.lafresca.fm\/fresca-api-json\/wp\/v2\/posts"}],"about":[{"href":"https:\/\/www.lafresca.fm\/fresca-api-json\/wp\/v2\/types\/post"}],"author":[{"embeddable":true,"href":"https:\/\/www.lafresca.fm\/fresca-api-json\/wp\/v2\/users\/2"}],"replies":[{"embeddable":true,"href":"https:\/\/www.lafresca.fm\/fresca-api-json\/wp\/v2\/comments?post=13327"}],"version-history":[{"count":3,"href":"https:\/\/www.lafresca.fm\/fresca-api-json\/wp\/v2\/posts\/13327\/revisions"}],"predecessor-version":[{"id":13333,"href":"https:\/\/www.lafresca.fm\/fresca-api-json\/wp\/v2\/posts\/13327\/revisions\/13333"}],"wp:featuredmedia":[{"embeddable":true,"href":"https:\/\/www.lafresca.fm\/fresca-api-json\/wp\/v2\/media\/13328"}],"wp:attachment":[{"href":"https:\/\/www.lafresca.fm\/fresca-api-json\/wp\/v2\/media?parent=13327"}],"wp:term":[{"taxonomy":"category","embeddable":true,"href":"https:\/\/www.lafresca.fm\/fresca-api-json\/wp\/v2\/categories?post=13327"},{"taxonomy":"post_tag","embeddable":true,"href":"https:\/\/www.lafresca.fm\/fresca-api-json\/wp\/v2\/tags?post=13327"}],"curies":[{"name":"wp","href":"https:\/\/api.w.org\/{rel}","templated":true}]}}