{"id":13343,"date":"2024-11-27T08:42:49","date_gmt":"2024-11-27T07:42:49","guid":{"rendered":"https:\/\/www.lafresca.fm\/?p=13343"},"modified":"2024-11-27T08:42:51","modified_gmt":"2024-11-27T07:42:51","slug":"varios-equipos-del-club-industriales-ibi-de-flag-football-consiguen-importantes-resultados-en-la-localidad-valenciana-de-sueca","status":"publish","type":"post","link":"https:\/\/www.lafresca.fm\/varios-equipos-del-club-industriales-ibi-de-flag-football-consiguen-importantes-resultados-en-la-localidad-valenciana-de-sueca\/","title":{"rendered":"Varios equipos del Club Industriales Ibi de Flag Football consiguen importantes resultados en la localidad valenciana de Sueca"},"content":{"rendered":"\n<p>Varios equipos del Club Industriales Ibi de Flag Football consegu\u00edan el pasado s\u00e1bado 23 de noviembre importantes resultados en la localidad valenciana de Sueca.<\/p>\n\n\n\n<p>La Copa Valenciana de Flag Football Mixto se celebraba en el Estadio Antonio Puchades en las categor\u00edas sub 11, sub 13, sub 15 y sub 17, en las que participaban los clubes Sueca Ricers, Alicante Sharks, Valencia Firebats y los Industriales Ibi.<\/p>\n\n\n\n<p>En el caso de los ibenses, participaban con dos equipos sub 11 y uno <a><\/a>de sub 17, ambos mixtos.<\/p>\n\n\n\n<p>Los resultados fueron muy satisfactorios, quedando primeros y terceros en sub 11 y terceros en sub 17.<\/p>\n\n\n\n<p>\u00a1Enhorabuena!! <img decoding=\"async\" height=\"16\" width=\"16\" alt=\"\ud83d\udcaa\ud83c\udffc\" src=\"https:\/\/static.xx.fbcdn.net\/images\/emoji.php\/v9\/t68\/1\/16\/1f4aa_1f3fc.png\"><img decoding=\"async\" height=\"16\" width=\"16\" alt=\"\ud83e\udd73\" src=\"https:\/\/static.xx.fbcdn.net\/images\/emoji.php\/v9\/t6d\/1\/16\/1f973.png\"><\/p>\n\n\n\n<p>*El Flag Football es una modalidad de f\u00fatbol americano que se juega sin placajes. En vez de tirar al suelo al jugador contrario, el equipo defensor debe retirar uno de los dos banderines o pa\u00f1uelos que cuelgan a los lados de la cintura; estos pueden ir ya sea con un cintur\u00f3n o dentro del pantal\u00f3n corto*<\/p>\n\n\n\n<figure class=\"wp-block-gallery has-nested-images columns-default is-cropped wp-block-gallery-1 is-layout-flex wp-block-gallery-is-layout-flex\">\n<figure class=\"wp-block-image size-large\"><img fetchpriority=\"high\" decoding=\"async\" width=\"1080\" height=\"820\" data-id=\"13345\" src=\"https:\/\/www.lafresca.fm\/f-solosog\/2024\/11\/468551702_874978848181390_871867646045254279_n.jpg\" alt=\"\" class=\"wp-image-13345\" srcset=\"https:\/\/www.lafresca.fm\/f-solosog\/2024\/11\/468551702_874978848181390_871867646045254279_n.jpg 1080w, https:\/\/www.lafresca.fm\/f-solosog\/2024\/11\/468551702_874978848181390_871867646045254279_n-770x585.jpg 770w, https:\/\/www.lafresca.fm\/f-solosog\/2024\/11\/468551702_874978848181390_871867646045254279_n-768x583.jpg 768w\" sizes=\"(max-width: 1080px) 100vw, 1080px\" \/><\/figure>\n\n\n\n<figure class=\"wp-block-image size-large\"><img loading=\"lazy\" decoding=\"async\" width=\"796\" height=\"1170\" data-id=\"13347\" src=\"https:\/\/www.lafresca.fm\/f-solosog\/2024\/11\/468421703_874975651515043_8286545615609219625_n-796x1170.jpg\" alt=\"\" class=\"wp-image-13347\" srcset=\"https:\/\/www.lafresca.fm\/f-solosog\/2024\/11\/468421703_874975651515043_8286545615609219625_n-796x1170.jpg 796w, https:\/\/www.lafresca.fm\/f-solosog\/2024\/11\/468421703_874975651515043_8286545615609219625_n-524x770.jpg 524w, https:\/\/www.lafresca.fm\/f-solosog\/2024\/11\/468421703_874975651515043_8286545615609219625_n-768x1128.jpg 768w, https:\/\/www.lafresca.fm\/f-solosog\/2024\/11\/468421703_874975651515043_8286545615609219625_n.jpg 972w\" sizes=\"(max-width: 796px) 100vw, 796px\" \/><\/figure>\n\n\n\n<figure class=\"wp-block-image size-large\"><img loading=\"lazy\" decoding=\"async\" width=\"878\" height=\"1170\" data-id=\"13346\" src=\"https:\/\/www.lafresca.fm\/f-solosog\/2024\/11\/468455474_874975601515048_2741832291884775541_n-1-878x1170.jpg\" alt=\"\" class=\"wp-image-13346\" srcset=\"https:\/\/www.lafresca.fm\/f-solosog\/2024\/11\/468455474_874975601515048_2741832291884775541_n-1-878x1170.jpg 878w, https:\/\/www.lafresca.fm\/f-solosog\/2024\/11\/468455474_874975601515048_2741832291884775541_n-1-578x770.jpg 578w, https:\/\/www.lafresca.fm\/f-solosog\/2024\/11\/468455474_874975601515048_2741832291884775541_n-1-768x1024.jpg 768w, https:\/\/www.lafresca.fm\/f-solosog\/2024\/11\/468455474_874975601515048_2741832291884775541_n-1-1152x1536.jpg 1152w, https:\/\/www.lafresca.fm\/f-solosog\/2024\/11\/468455474_874975601515048_2741832291884775541_n-1.jpg 1536w\" sizes=\"(max-width: 878px) 100vw, 878px\" \/><\/figure>\n<\/figure>\n<script>function PlayerjsAsync(){} if(window[\"Playerjs\"]){PlayerjsAsync();}<\/script>","protected":false},"excerpt":{"rendered":"<p>Varios equipos del Club Industriales Ibi de Flag Football consegu\u00edan el pasado s\u00e1bado 23 de noviembre importantes resultados en la localidad valenciana de Sueca. La Copa Valenciana de Flag Football Mixto se celebraba en el Estadio Antonio Puchades en las categor\u00edas sub 11, sub 13, sub 15 y sub 17, ...<\/p>\n","protected":false},"author":2,"featured_media":13344,"comment_status":"closed","ping_status":"closed","sticky":false,"template":"","format":"standard","meta":{"_monsterinsights_skip_tracking":false,"_monsterinsights_sitenote_active":false,"_monsterinsights_sitenote_note":"","_monsterinsights_sitenote_category":0,"footnotes":""},"categories":[4],"tags":[128],"class_list":["post-13343","post","type-post","status-publish","format-standard","has-post-thumbnail","hentry","category-alicante","tag-ibi"],"aioseo_notices":[],"_links":{"self":[{"href":"https:\/\/www.lafresca.fm\/fresca-api-json\/wp\/v2\/posts\/13343","targetHints":{"allow":["GET"]}}],"collection":[{"href":"https:\/\/www.lafresca.fm\/fresca-api-json\/wp\/v2\/posts"}],"about":[{"href":"https:\/\/www.lafresca.fm\/fresca-api-json\/wp\/v2\/types\/post"}],"author":[{"embeddable":true,"href":"https:\/\/www.lafresca.fm\/fresca-api-json\/wp\/v2\/users\/2"}],"replies":[{"embeddable":true,"href":"https:\/\/www.lafresca.fm\/fresca-api-json\/wp\/v2\/comments?post=13343"}],"version-history":[{"count":2,"href":"https:\/\/www.lafresca.fm\/fresca-api-json\/wp\/v2\/posts\/13343\/revisions"}],"predecessor-version":[{"id":13349,"href":"https:\/\/www.lafresca.fm\/fresca-api-json\/wp\/v2\/posts\/13343\/revisions\/13349"}],"wp:featuredmedia":[{"embeddable":true,"href":"https:\/\/www.lafresca.fm\/fresca-api-json\/wp\/v2\/media\/13344"}],"wp:attachment":[{"href":"https:\/\/www.lafresca.fm\/fresca-api-json\/wp\/v2\/media?parent=13343"}],"wp:term":[{"taxonomy":"category","embeddable":true,"href":"https:\/\/www.lafresca.fm\/fresca-api-json\/wp\/v2\/categories?post=13343"},{"taxonomy":"post_tag","embeddable":true,"href":"https:\/\/www.lafresca.fm\/fresca-api-json\/wp\/v2\/tags?post=13343"}],"curies":[{"name":"wp","href":"https:\/\/api.w.org\/{rel}","templated":true}]}}