{"id":13378,"date":"2024-11-29T12:47:23","date_gmt":"2024-11-29T11:47:23","guid":{"rendered":"https:\/\/www.lafresca.fm\/?p=13378"},"modified":"2024-12-16T13:01:07","modified_gmt":"2024-12-16T12:01:07","slug":"compra-en-onil-regala-ilusion-campana-del-ayuntamiento-de-onil-para-impulsar-las-compras-navidenas","status":"publish","type":"post","link":"https:\/\/www.lafresca.fm\/compra-en-onil-regala-ilusion-campana-del-ayuntamiento-de-onil-para-impulsar-las-compras-navidenas\/","title":{"rendered":"&#8220;Compra en Onil, Regala Ilusi\u00f3n&#8221; campa\u00f1a del Ayuntamiento de Onil para impulsar las compras navide\u00f1as"},"content":{"rendered":"\n<p>CAMPA\u00d1A DE NAVIDAD PARA EL COMERCIO DE ONIL<\/p>\n\n\n\n<p>Compra en Onil, Regala ilusi\u00f3n<\/p>\n\n\n\n<p>El Ayuntamiento de Onil, desde la concejal\u00eda de Comercio y hosteler\u00eda lanza una campa\u00f1a especial de Navidad para fomentar las compras en el comercio de proximidad y apoyar a los negocios de la localidad durante la temporada navide\u00f1a. Con el lema \u201cCompra en Onil, Regala ilusi\u00f3n\u201d, se busca incentivar el consumo en los establecimientos locales y contribuir a la vitalidad econ\u00f3mica del municipio.<\/p>\n\n\n\n<p>Uno de los principales ejes de la campa\u00f1a ser\u00e1 la creaci\u00f3n de adornos navide\u00f1os comunes para los comercios de Onil, con el lema de la campa\u00f1a y con un elemento t\u00edpico de nuestras navidades, \u201cEls reis Mags d\u00b4Onil\u201d, realizados por un artesano local. Con el objetivo de crear una atm\u00f3sfera festiva y atractiva, en los negocios del municipio seguir\u00e1n un dise\u00f1o unificado, reflejando la identidad de Onil y su tradici\u00f3n navide\u00f1a. Los comercios participantes recibir\u00e1n los adornos a principios de diciembre contribuyendo as\u00ed a dar vida al comercio de la localidad y a ofrecer una experiencia \u00fanica de compra.<\/p>\n\n\n\n<p>Adem\u00e1s de la decoraci\u00f3n, se llevar\u00e1n a cabo varias campa\u00f1as de publicidad tanto en medios locales c\u00f3mo en redes sociales, para animar a la ciudadan\u00eda a realizar sus compras navide\u00f1as en Onil. Se destacar\u00e1n los productos y servicios \u00fanicos que ofrecen los comercios locales, resaltando la calidad, el trato cercano y la importancia de apoyar a los peque\u00f1os negocios que son el alma de nuestra pueblo.<\/p>\n\n\n\n<p>El comercio local es el motor de nuestra econom\u00eda, y en estas fechas tan especiales queremos que Onil sea un lugar de encuentro, donde tanto vecinos como visitantes disfruten de la magia de la Navidad mientras apoyan a nuestros emprendedores y empresarios. La campa\u00f1a \u2018Compra en Onil, Regala ilusi\u00f3n\u2019 es una oportunidad para fortalecer nuestro tejido comercial y promover la sostenibilidad econ\u00f3mica de nuestra localidad<\/p>\n\n\n\n<p>La campa\u00f1a de Navidad no solo busca aumentar las ventas, sino tambi\u00e9n promover un sentimiento de comunidad y apoyo mutuo entre los vecinos de Onil. Durante este mes de diciembre, todos est\u00e1n invitados a disfrutar de la iluminaci\u00f3n especial, las actividades y el ambiente festivo que se vivir\u00e1 en el centro de la ciudad. Los comercios locales, desde peque\u00f1as tiendas hasta grandes establecimientos, abrir\u00e1n sus puertas con el esp\u00edritu de siempre: ofreciendo lo mejor de Onil a todos los que decidan visitarnos.<\/p>\n\n\n\n<p>Desde el Ayuntamiento de Onil invitamos a todos los ciudadanos a sumarse a esta campa\u00f1a, a elegir Onil como destino para sus compras navide\u00f1as y a disfrutar de una Navidad local, solidaria y llena de encanto.<\/p>\n<script>function PlayerjsAsync(){} if(window[\"Playerjs\"]){PlayerjsAsync();}<\/script>","protected":false},"excerpt":{"rendered":"<p>CAMPA\u00d1A DE NAVIDAD PARA EL COMERCIO DE ONIL Compra en Onil, Regala ilusi\u00f3n El Ayuntamiento de Onil, desde la concejal\u00eda de Comercio y hosteler\u00eda lanza una campa\u00f1a especial de Navidad para fomentar las compras en el comercio de proximidad y apoyar a los negocios de la localidad durante la temporada ...<\/p>\n","protected":false},"author":2,"featured_media":13380,"comment_status":"closed","ping_status":"closed","sticky":false,"template":"","format":"standard","meta":{"_monsterinsights_skip_tracking":false,"_monsterinsights_sitenote_active":false,"_monsterinsights_sitenote_note":"","_monsterinsights_sitenote_category":0,"footnotes":""},"categories":[4],"tags":[],"class_list":["post-13378","post","type-post","status-publish","format-standard","has-post-thumbnail","hentry","category-alicante"],"aioseo_notices":[],"_links":{"self":[{"href":"https:\/\/www.lafresca.fm\/fresca-api-json\/wp\/v2\/posts\/13378","targetHints":{"allow":["GET"]}}],"collection":[{"href":"https:\/\/www.lafresca.fm\/fresca-api-json\/wp\/v2\/posts"}],"about":[{"href":"https:\/\/www.lafresca.fm\/fresca-api-json\/wp\/v2\/types\/post"}],"author":[{"embeddable":true,"href":"https:\/\/www.lafresca.fm\/fresca-api-json\/wp\/v2\/users\/2"}],"replies":[{"embeddable":true,"href":"https:\/\/www.lafresca.fm\/fresca-api-json\/wp\/v2\/comments?post=13378"}],"version-history":[{"count":3,"href":"https:\/\/www.lafresca.fm\/fresca-api-json\/wp\/v2\/posts\/13378\/revisions"}],"predecessor-version":[{"id":13562,"href":"https:\/\/www.lafresca.fm\/fresca-api-json\/wp\/v2\/posts\/13378\/revisions\/13562"}],"wp:featuredmedia":[{"embeddable":true,"href":"https:\/\/www.lafresca.fm\/fresca-api-json\/wp\/v2\/media\/13380"}],"wp:attachment":[{"href":"https:\/\/www.lafresca.fm\/fresca-api-json\/wp\/v2\/media?parent=13378"}],"wp:term":[{"taxonomy":"category","embeddable":true,"href":"https:\/\/www.lafresca.fm\/fresca-api-json\/wp\/v2\/categories?post=13378"},{"taxonomy":"post_tag","embeddable":true,"href":"https:\/\/www.lafresca.fm\/fresca-api-json\/wp\/v2\/tags?post=13378"}],"curies":[{"name":"wp","href":"https:\/\/api.w.org\/{rel}","templated":true}]}}