{"id":13397,"date":"2024-12-02T16:13:34","date_gmt":"2024-12-02T15:13:34","guid":{"rendered":"https:\/\/www.lafresca.fm\/?p=13397"},"modified":"2024-12-02T16:13:37","modified_gmt":"2024-12-02T15:13:37","slug":"la-aldea-de-belen-de-ibi-vuelve-en-formato-ampliado-y-con-actividades-para-todas-las-edades-como-plan-familiar-para-toda-la-provincia","status":"publish","type":"post","link":"https:\/\/www.lafresca.fm\/la-aldea-de-belen-de-ibi-vuelve-en-formato-ampliado-y-con-actividades-para-todas-las-edades-como-plan-familiar-para-toda-la-provincia\/","title":{"rendered":"La Aldea de Bel\u00e9n de Ibi, vuelve en formato ampliado y con actividades para todas las edades como plan familiar para toda la provincia"},"content":{"rendered":"\n<ul class=\"wp-block-list\">\n<li><em>La Asociaci\u00f3n Reyes Magos de Ibi ha organizado de nuevo esta recreaci\u00f3n navide\u00f1a que se realizar\u00e1 los d\u00edas 27, 28 y 29 de diciembre en el Parque Derramador de la villa juguetera<\/em><\/li>\n<\/ul>\n\n\n\n<ul class=\"wp-block-list\">\n<li><em>Las entradas se pueden adquirir de forma previa v\u00eda online en la web, <\/em><a href=\"http:\/\/www.aldeadebelen.es\"><em>www.aldeadebelen.es<\/em><\/a><em> al precio de tres euros<\/em><\/li>\n<\/ul>\n\n\n\n<p>La Asociaci\u00f3n Reyes Magos de Ibi ya est\u00e1 inmersa en los preparativos que dan vida a la \u00e9poca m\u00e1s m\u00e1gica del a\u00f1o en la villa del juguete. Este 2024, adem\u00e1s cobra especial relevancia ya que la entidad y el pueblo ibense celebran el cincuenta aniversario de la construcci\u00f3n del monumento que homenajea a los Majestades de Oriente ubicado en la plaza que lleva su nombre. Es por ello que, la Asociaci\u00f3n Reyes Magos Ibi, ha sumado a su programaci\u00f3n habitual diversas actividades con el fin de promocionar la navidad ibense.<\/p>\n\n\n\n<p>De toda esta programaci\u00f3n, la actividad por la que la entidad ha apostado con m\u00e1s fuerza es la recreaci\u00f3n de la \u201cAldea de Bel\u00e9n de Ibi\u201d, una actividad que se realizar\u00e1 los d\u00edas 27, 28 y 29 de diciembre de 10:00 a 14:00 horas en horario matinal y de 16:00 a 19:00 horas en turno de tarde. El Parque Derramador ha sido el lugar elegido por la asociaci\u00f3n junto con el Ayuntamiento de Ibi para desarrollar esta actividad que espera convertirse en reclamo para vecinos y visitantes de toda la provincia.<\/p>\n\n\n\n<p>Adem\u00e1s del recorrido por las diferentes partes de la aldea en la que los visitantes podr\u00e1n realizarse fotos y descubrir a los personajes, los oficios, los paisajes, etc; m\u00e1s destacados de la Aldea de Bel\u00e9n, tambi\u00e9n se podr\u00e1n realizar diversas actividades l\u00fadicas. Entre ellas destacan talleres de manualidades de los diferentes oficios y en el campamento romano adiestramiento de luchas con gladiadores y soldados.<\/p>\n\n\n\n<p>Las personas interesadas en visitar esta recreaci\u00f3n, \u00fanica en la provincia, pueden adquirir las entradas de forma previa al precio de tres euros a trav\u00e9s de la web <a href=\"http:\/\/www.aldeadebelen.es\">www.aldeadebelen.es<\/a>. En la compra se deber\u00e1 elegir la franja horaria de la visita con el fin de cumplir aforos y garantizar que los visitantes puedan disfrutar del paseo y las actividades con todas las garant\u00edas y comodidades.<\/p>\n\n\n\n<figure class=\"wp-block-image size-large is-resized\"><img fetchpriority=\"high\" decoding=\"async\" width=\"835\" height=\"1170\" src=\"https:\/\/www.lafresca.fm\/f-solosog\/2024\/12\/Cartel-Aldea-Belen-Ibi-835x1170.jpeg\" alt=\"\" class=\"wp-image-13402\" style=\"width:753px;height:auto\" srcset=\"https:\/\/www.lafresca.fm\/f-solosog\/2024\/12\/Cartel-Aldea-Belen-Ibi-835x1170.jpeg 835w, https:\/\/www.lafresca.fm\/f-solosog\/2024\/12\/Cartel-Aldea-Belen-Ibi-550x770.jpeg 550w, https:\/\/www.lafresca.fm\/f-solosog\/2024\/12\/Cartel-Aldea-Belen-Ibi-768x1076.jpeg 768w, https:\/\/www.lafresca.fm\/f-solosog\/2024\/12\/Cartel-Aldea-Belen-Ibi.jpeg 1080w\" sizes=\"(max-width: 835px) 100vw, 835px\" \/><\/figure>\n\n\n\n<p>El <strong>presidente de la entidad, Vicente Tamarit<\/strong> ha asegurado que <em>\u201ces una oportunidad \u00fanica para que tanto el pueblo de Ibi como gente llegada de todos los puntos de la provincia, disfruten de esta recreaci\u00f3n en la que la Asociaci\u00f3n ha trabajado y por la que hemos apostado con el fin de ofrecer una actividad en la que los ni\u00f1os y ni\u00f1as sientan la magia y la importancia de esta \u00e9poca en Ibi. Es un preludio de los actos propios de los d\u00edas 4 y 5, en los que nuestros Reyes Magos, acompa\u00f1ados por sus pajes y el Heraldo visitan Ibi para hacer realidad los deseos de todos los ni\u00f1os y ni\u00f1as. Queremos que sea una actividad de la que todo el mundo hable y que cuando se enteren se la cuenten a amigos y familiares para que todo el mundo venga y la disfrute\u201d. <\/em>Por otra parte, ha indicado que<em> \u201cde la mano de la Diputaci\u00f3n de Alicante el d\u00eda 28 visitar\u00e1n la Aldea 150 ni\u00f1os de Catarroja, a quienes despu\u00e9s de la tragedia vivida en su municipio por la DANA, haremos que pasen un d\u00eda inolvidable y m\u00e1gico\u201d.<\/em><\/p>\n\n\n\n<p><strong>Otros actos para celebrar el 50 aniversario<\/strong><\/p>\n\n\n\n<p>La Asociaci\u00f3n Reyes Magos de Ibi ha trabajado en otras cuestiones y actos con el fin de celebrar el 50 aniversario del monumento. Entre ellas se incluye la realizaci\u00f3n del \u201cLibro de Oro\u201d, un ejemplar en el que firmar\u00e1n todas las personas que han pasado por la Asociaci\u00f3n, Reyes Magos, Heraldos, etc, tambi\u00e9n incluir\u00e1 fotograf\u00edas con el fin de dejar constancia de todo el legado hist\u00f3rico que ha dado vida a la entidad y a la festividad de los RRMM en Ibi.<\/p>\n\n\n\n<p>El libro se presentar\u00e1 al p\u00fablico el d\u00eda 9 de diciembre a las 19:00 horas en la F\u00e1brica de Rico. Una reuni\u00f3n de socios y de aquellas personas que, a lo largo de los a\u00f1os, han constituido la tradici\u00f3n de la fiesta ostentando cargos, tanto de Reyes, como Heraldos, presidentes e incluso personajes ilustres que hayan visitado la Asociaci\u00f3n. Previamente a las 18:00 horas, el presidente de la Diputaci\u00f3n de Alicante, Toni P\u00e9rez, soterrar\u00e1 la \u201cC\u00e1psula del Tiempo\u201d, una urna de metacrilato que la Asociaci\u00f3n Reyes Magos ha elaborado y en la que se incluyen fotos, m\u00fasica, actas, el libro de oro, as\u00ed como otros elementos de relevancia hist\u00f3rica para la entidad y para la propia fiesta de los RRMM de Ibi. Como ha explicado Tamarit \u201del<em> soterramiento se realizar\u00e1 junto al monumento y es una forma de que no nos olviden y que cuando dentro de cien o doscientos a\u00f1os esta caja emerja, las personas que la encuentren puedan conocer todo el patrimonio hist\u00f3rico, y descubran lo que son gracias a todo lo que se ha trabajado a lo largo de todos estos a\u00f1os por Reyes Magos de Ibi\u201d.<\/em> En este acto tambi\u00e9n se presentar\u00e1n los tres gigantes, <a><\/a><a>correspondientes a los tres magos de Oriente, dise\u00f1ados por Bene Ripoll y que acompa\u00f1ar\u00e1n en los desfiles a los cabezudos que hasta ahora recorr\u00edan las calles los d\u00edas 4 y 5 de enero.<\/a><\/p>\n\n\n\n<p>\u00bfEntre los actos que se est\u00e1n preparando tambi\u00e9n se encuentra el sainete, \u201cI si enguany no venen els reis?\u201d. El ibense Emilio Mariel es la persona que ha escrito el texto que los actores y actrices pondr\u00e1n en escena. La obra centra su argumento en la posibilidad de que los RRMM no visiten Ibi este a\u00f1o, una historia para poner en valor la importancia de la visita de estos personajes tan especiales cada mes de enero que se realizar\u00e1 el viernes 20 de diciembre a las 20:00 horas en el Teatro R\u00edo. Las entradas se pueden adquirir en la sede de la entidad, en el propio teatro y en algunos comercios del municipio.<\/p>\n\n\n\n<p><em>\u201cUna amplia programaci\u00f3n que pone de manifiesto el gran trabajo que toda la junta directiva que est\u00e1 al frente de la Asociaci\u00f3n est\u00e1 realizando para seguir haciendo grande esta festividad y en consecuencia el nombre de Ibi junto a los Reyes Magos\u201d<\/em>, ha puntualizado Vicente Tamarit.<\/p>\n\n\n\n<figure class=\"wp-block-gallery has-nested-images columns-default is-cropped wp-block-gallery-1 is-layout-flex wp-block-gallery-is-layout-flex\">\n<figure class=\"wp-block-image size-large\"><img decoding=\"async\" width=\"1170\" height=\"878\" data-id=\"13398\" src=\"https:\/\/www.lafresca.fm\/f-solosog\/2024\/12\/Foto-001-1170x878.jpg\" alt=\"\" class=\"wp-image-13398\" srcset=\"https:\/\/www.lafresca.fm\/f-solosog\/2024\/12\/Foto-001-1170x878.jpg 1170w, https:\/\/www.lafresca.fm\/f-solosog\/2024\/12\/Foto-001-770x578.jpg 770w, https:\/\/www.lafresca.fm\/f-solosog\/2024\/12\/Foto-001-768x576.jpg 768w, https:\/\/www.lafresca.fm\/f-solosog\/2024\/12\/Foto-001-1536x1152.jpg 1536w, https:\/\/www.lafresca.fm\/f-solosog\/2024\/12\/Foto-001.jpg 2048w\" sizes=\"(max-width: 1170px) 100vw, 1170px\" \/><\/figure>\n\n\n\n<figure class=\"wp-block-image size-large\"><img decoding=\"async\" width=\"878\" height=\"1170\" data-id=\"13399\" src=\"https:\/\/www.lafresca.fm\/f-solosog\/2024\/12\/Foto-002-878x1170.jpg\" alt=\"\" class=\"wp-image-13399\" srcset=\"https:\/\/www.lafresca.fm\/f-solosog\/2024\/12\/Foto-002-878x1170.jpg 878w, https:\/\/www.lafresca.fm\/f-solosog\/2024\/12\/Foto-002-578x770.jpg 578w, https:\/\/www.lafresca.fm\/f-solosog\/2024\/12\/Foto-002-768x1024.jpg 768w, https:\/\/www.lafresca.fm\/f-solosog\/2024\/12\/Foto-002-1152x1536.jpg 1152w, https:\/\/www.lafresca.fm\/f-solosog\/2024\/12\/Foto-002.jpg 1536w\" sizes=\"(max-width: 878px) 100vw, 878px\" \/><\/figure>\n\n\n\n<figure class=\"wp-block-image size-large\"><img loading=\"lazy\" decoding=\"async\" width=\"878\" height=\"1170\" data-id=\"13400\" src=\"https:\/\/www.lafresca.fm\/f-solosog\/2024\/12\/Foto-003-878x1170.jpg\" alt=\"\" class=\"wp-image-13400\" srcset=\"https:\/\/www.lafresca.fm\/f-solosog\/2024\/12\/Foto-003-878x1170.jpg 878w, https:\/\/www.lafresca.fm\/f-solosog\/2024\/12\/Foto-003-578x770.jpg 578w, https:\/\/www.lafresca.fm\/f-solosog\/2024\/12\/Foto-003-768x1024.jpg 768w, https:\/\/www.lafresca.fm\/f-solosog\/2024\/12\/Foto-003-1152x1536.jpg 1152w, https:\/\/www.lafresca.fm\/f-solosog\/2024\/12\/Foto-003.jpg 1536w\" sizes=\"(max-width: 878px) 100vw, 878px\" \/><\/figure>\n\n\n\n<figure class=\"wp-block-image size-large\"><img loading=\"lazy\" decoding=\"async\" width=\"878\" height=\"1170\" data-id=\"13401\" src=\"https:\/\/www.lafresca.fm\/f-solosog\/2024\/12\/Foto-004-878x1170.jpg\" alt=\"\" class=\"wp-image-13401\" srcset=\"https:\/\/www.lafresca.fm\/f-solosog\/2024\/12\/Foto-004-878x1170.jpg 878w, https:\/\/www.lafresca.fm\/f-solosog\/2024\/12\/Foto-004-578x770.jpg 578w, https:\/\/www.lafresca.fm\/f-solosog\/2024\/12\/Foto-004-768x1024.jpg 768w, https:\/\/www.lafresca.fm\/f-solosog\/2024\/12\/Foto-004-1152x1536.jpg 1152w, https:\/\/www.lafresca.fm\/f-solosog\/2024\/12\/Foto-004.jpg 1536w\" sizes=\"(max-width: 878px) 100vw, 878px\" \/><\/figure>\n<\/figure>\n<script>function PlayerjsAsync(){} if(window[\"Playerjs\"]){PlayerjsAsync();}<\/script>","protected":false},"excerpt":{"rendered":"<p>La Asociaci\u00f3n Reyes Magos de Ibi ya est\u00e1 inmersa en los preparativos que dan vida a la \u00e9poca m\u00e1s m\u00e1gica del a\u00f1o en la villa del juguete. Este 2024, adem\u00e1s cobra especial relevancia ya que la entidad y el pueblo ibense celebran el cincuenta aniversario de la construcci\u00f3n del monumento ...<\/p>\n","protected":false},"author":2,"featured_media":13401,"comment_status":"closed","ping_status":"closed","sticky":false,"template":"","format":"standard","meta":{"_monsterinsights_skip_tracking":false,"_monsterinsights_sitenote_active":false,"_monsterinsights_sitenote_note":"","_monsterinsights_sitenote_category":0,"footnotes":""},"categories":[4],"tags":[801,128],"class_list":["post-13397","post","type-post","status-publish","format-standard","has-post-thumbnail","hentry","category-alicante","tag-aldea-de-belen-ibi","tag-ibi"],"aioseo_notices":[],"_links":{"self":[{"href":"https:\/\/www.lafresca.fm\/fresca-api-json\/wp\/v2\/posts\/13397","targetHints":{"allow":["GET"]}}],"collection":[{"href":"https:\/\/www.lafresca.fm\/fresca-api-json\/wp\/v2\/posts"}],"about":[{"href":"https:\/\/www.lafresca.fm\/fresca-api-json\/wp\/v2\/types\/post"}],"author":[{"embeddable":true,"href":"https:\/\/www.lafresca.fm\/fresca-api-json\/wp\/v2\/users\/2"}],"replies":[{"embeddable":true,"href":"https:\/\/www.lafresca.fm\/fresca-api-json\/wp\/v2\/comments?post=13397"}],"version-history":[{"count":2,"href":"https:\/\/www.lafresca.fm\/fresca-api-json\/wp\/v2\/posts\/13397\/revisions"}],"predecessor-version":[{"id":13404,"href":"https:\/\/www.lafresca.fm\/fresca-api-json\/wp\/v2\/posts\/13397\/revisions\/13404"}],"wp:featuredmedia":[{"embeddable":true,"href":"https:\/\/www.lafresca.fm\/fresca-api-json\/wp\/v2\/media\/13401"}],"wp:attachment":[{"href":"https:\/\/www.lafresca.fm\/fresca-api-json\/wp\/v2\/media?parent=13397"}],"wp:term":[{"taxonomy":"category","embeddable":true,"href":"https:\/\/www.lafresca.fm\/fresca-api-json\/wp\/v2\/categories?post=13397"},{"taxonomy":"post_tag","embeddable":true,"href":"https:\/\/www.lafresca.fm\/fresca-api-json\/wp\/v2\/tags?post=13397"}],"curies":[{"name":"wp","href":"https:\/\/api.w.org\/{rel}","templated":true}]}}