{"id":13406,"date":"2024-12-04T09:57:42","date_gmt":"2024-12-04T08:57:42","guid":{"rendered":"https:\/\/www.lafresca.fm\/?p=13406"},"modified":"2024-12-04T09:57:44","modified_gmt":"2024-12-04T08:57:44","slug":"el-ibense-juanma-condes-rico-tercero-en-el-campeonato-del-mundo-de-bachata-sub-16","status":"publish","type":"post","link":"https:\/\/www.lafresca.fm\/el-ibense-juanma-condes-rico-tercero-en-el-campeonato-del-mundo-de-bachata-sub-16\/","title":{"rendered":"El ibense Juanma Cond\u00e9s Rico, tercero en el Campeonato del mundo de Bachata sub-16"},"content":{"rendered":"\n<p>Con tan solo 9 a\u00f1os, le espera un gran futuro en el mundo del baile.<\/p>\n\n\n\n<p>Lleva dos a\u00f1os bailando y compitiendo, pero la trayectoria de este ni\u00f1o ibense es fant\u00e1stica. En 2024 ha conseguido:<\/p>\n\n\n\n<p><img decoding=\"async\" height=\"16\" width=\"16\" alt=\"\ud83c\udfc5\" src=\"https:\/\/static.xx.fbcdn.net\/images\/emoji.php\/v9\/t3d\/1\/16\/1f3c5.png\"><a><\/a>Campe\u00f3n de la Comunidad Valenciana de Bachata Junior (mayo).<\/p>\n\n\n\n<p><img decoding=\"async\" height=\"16\" width=\"16\" alt=\"\ud83e\udd48\" src=\"https:\/\/static.xx.fbcdn.net\/images\/emoji.php\/v9\/t15\/1\/16\/1f948.png\"> Subcampe\u00f3n de Espa\u00f1a de Bachata Junior (junio).<\/p>\n\n\n\n<p><img decoding=\"async\" height=\"16\" width=\"16\" alt=\"\ud83e\udd48\" src=\"https:\/\/static.xx.fbcdn.net\/images\/emoji.php\/v9\/t15\/1\/16\/1f948.png\"> Subcampe\u00f3n de Espa\u00f1a de bailes latinos Juvenil (septiembre).<\/p>\n\n\n\n<p><img decoding=\"async\" height=\"16\" width=\"16\" alt=\"\ud83c\udfc6\" src=\"https:\/\/static.xx.fbcdn.net\/images\/emoji.php\/v9\/tbe\/1\/16\/1f3c6.png\"> 3.\u00ba del Mundo de Bachata sub-16 (diciembre).<\/p>\n\n\n\n<p>Enhorabuena<\/p>\n\n\n\n<figure class=\"wp-block-image size-large\"><img loading=\"lazy\" decoding=\"async\" width=\"878\" height=\"1170\" src=\"https:\/\/www.lafresca.fm\/f-solosog\/2024\/12\/468916796_1123801683081996_4303531428921880400_n-878x1170.jpg\" alt=\"\" class=\"wp-image-13407\" srcset=\"https:\/\/www.lafresca.fm\/f-solosog\/2024\/12\/468916796_1123801683081996_4303531428921880400_n-878x1170.jpg 878w, https:\/\/www.lafresca.fm\/f-solosog\/2024\/12\/468916796_1123801683081996_4303531428921880400_n-578x770.jpg 578w, https:\/\/www.lafresca.fm\/f-solosog\/2024\/12\/468916796_1123801683081996_4303531428921880400_n-768x1024.jpg 768w, https:\/\/www.lafresca.fm\/f-solosog\/2024\/12\/468916796_1123801683081996_4303531428921880400_n-1152x1536.jpg 1152w, https:\/\/www.lafresca.fm\/f-solosog\/2024\/12\/468916796_1123801683081996_4303531428921880400_n.jpg 1200w\" sizes=\"(max-width: 878px) 100vw, 878px\" \/><\/figure>\n<script>function PlayerjsAsync(){} if(window[\"Playerjs\"]){PlayerjsAsync();}<\/script>","protected":false},"excerpt":{"rendered":"<p>Con tan solo 9 a\u00f1os, le espera un gran futuro en el mundo del baile. Lleva dos a\u00f1os bailando y compitiendo, pero la trayectoria de este ni\u00f1o ibense es fant\u00e1stica. En 2024 ha conseguido: Campe\u00f3n de la Comunidad Valenciana de Bachata Junior (mayo). Subcampe\u00f3n de Espa\u00f1a de Bachata Junior (junio). ...<\/p>\n","protected":false},"author":2,"featured_media":13407,"comment_status":"closed","ping_status":"closed","sticky":false,"template":"","format":"standard","meta":{"_monsterinsights_skip_tracking":false,"_monsterinsights_sitenote_active":false,"_monsterinsights_sitenote_note":"","_monsterinsights_sitenote_category":0,"footnotes":""},"categories":[4],"tags":[128],"class_list":["post-13406","post","type-post","status-publish","format-standard","has-post-thumbnail","hentry","category-alicante","tag-ibi"],"aioseo_notices":[],"_links":{"self":[{"href":"https:\/\/www.lafresca.fm\/fresca-api-json\/wp\/v2\/posts\/13406","targetHints":{"allow":["GET"]}}],"collection":[{"href":"https:\/\/www.lafresca.fm\/fresca-api-json\/wp\/v2\/posts"}],"about":[{"href":"https:\/\/www.lafresca.fm\/fresca-api-json\/wp\/v2\/types\/post"}],"author":[{"embeddable":true,"href":"https:\/\/www.lafresca.fm\/fresca-api-json\/wp\/v2\/users\/2"}],"replies":[{"embeddable":true,"href":"https:\/\/www.lafresca.fm\/fresca-api-json\/wp\/v2\/comments?post=13406"}],"version-history":[{"count":2,"href":"https:\/\/www.lafresca.fm\/fresca-api-json\/wp\/v2\/posts\/13406\/revisions"}],"predecessor-version":[{"id":13409,"href":"https:\/\/www.lafresca.fm\/fresca-api-json\/wp\/v2\/posts\/13406\/revisions\/13409"}],"wp:featuredmedia":[{"embeddable":true,"href":"https:\/\/www.lafresca.fm\/fresca-api-json\/wp\/v2\/media\/13407"}],"wp:attachment":[{"href":"https:\/\/www.lafresca.fm\/fresca-api-json\/wp\/v2\/media?parent=13406"}],"wp:term":[{"taxonomy":"category","embeddable":true,"href":"https:\/\/www.lafresca.fm\/fresca-api-json\/wp\/v2\/categories?post=13406"},{"taxonomy":"post_tag","embeddable":true,"href":"https:\/\/www.lafresca.fm\/fresca-api-json\/wp\/v2\/tags?post=13406"}],"curies":[{"name":"wp","href":"https:\/\/api.w.org\/{rel}","templated":true}]}}