{"id":13426,"date":"2024-12-05T19:30:00","date_gmt":"2024-12-05T18:30:00","guid":{"rendered":"https:\/\/www.lafresca.fm\/?p=13426"},"modified":"2024-12-04T16:44:20","modified_gmt":"2024-12-04T15:44:20","slug":"3a-edicion-de-la-feria-de-formacion-profesional-dual-celebrada-en-ibi","status":"publish","type":"post","link":"https:\/\/www.lafresca.fm\/3a-edicion-de-la-feria-de-formacion-profesional-dual-celebrada-en-ibi\/","title":{"rendered":"3\u00aa edici\u00f3n de la Feria de Formaci\u00f3n Profesional Dual celebrada en Ibi"},"content":{"rendered":"\n<ul class=\"wp-block-list\">\n<li> Se trata de un evento clave para fomentar la colaboraci\u00f3n en el \u00e1mbito educativo y empresarial de la provincia.<\/li>\n<\/ul>\n\n\n\n<p>El Centro Cultural Salvador Mir\u00f3 de Ibi ha acogido esta misma ma\u00f1ana la 3\u00aa edici\u00f3n de la Feria de Formaci\u00f3n Profesional Dual, un evento clave para fomentar la colaboraci\u00f3n entre el \u00e1mbito educativo y el tejido empresarial de la provincia. Organizada por la C\u00e1mara de Comercio de Alicante, en colaboraci\u00f3n con la Concejal\u00eda de Industria y Empleo del Ayuntamiento de Ibi, esta iniciativa busca implicar a las empresas en la formaci\u00f3n pr\u00e1ctica de estudiantes de 30 ciclos formativos de FP Dual, prestando especial atenci\u00f3n a los ciclos que se imparten en nuestro territorio.<\/p>\n\n\n\n<figure class=\"wp-block-image size-large\"><img fetchpriority=\"high\" decoding=\"async\" width=\"878\" height=\"1170\" src=\"https:\/\/www.lafresca.fm\/f-solosog\/2024\/12\/Eva-Minano-vicepres-Camara-Comercio-878x1170.jpg\" alt=\"\" class=\"wp-image-13427\" srcset=\"https:\/\/www.lafresca.fm\/f-solosog\/2024\/12\/Eva-Minano-vicepres-Camara-Comercio-878x1170.jpg 878w, https:\/\/www.lafresca.fm\/f-solosog\/2024\/12\/Eva-Minano-vicepres-Camara-Comercio-578x770.jpg 578w, https:\/\/www.lafresca.fm\/f-solosog\/2024\/12\/Eva-Minano-vicepres-Camara-Comercio-768x1024.jpg 768w, https:\/\/www.lafresca.fm\/f-solosog\/2024\/12\/Eva-Minano-vicepres-Camara-Comercio-1152x1536.jpg 1152w, https:\/\/www.lafresca.fm\/f-solosog\/2024\/12\/Eva-Minano-vicepres-Camara-Comercio.jpg 1200w\" sizes=\"(max-width: 878px) 100vw, 878px\" \/><\/figure>\n\n\n\n<p>El acto ha contado con la bienvenida del alcalde de Ibi, Sergio Carrasco, y con la presentaci\u00f3n de la jornada por parte de la vicepresidenta de la C\u00e1mara de Comercio de Alicante, Eva Mi\u00f1ano, as\u00ed como con la participaci\u00f3n destacada de la Directora General de la Formaci\u00f3n Profesional Dual, Marta Armenida, quien ha abordado las ventajas y beneficios que este modelo educativo ofrece a las empresas. Adem\u00e1s, han estado presentes coordinadores de pr\u00e1cticas y representantes de diversas empresas que han compartido sus experiencias de \u00e9xito.<\/p>\n\n\n\n<p>Para cerrar la jornada, los asistentes han podido recorrer los stands de las diferentes familias profesionales presentes en la feria. Esta actividad permite a las empresas conocer de primera mano los perfiles formativos y competencias que mejor se ajusten a sus necesidades espec\u00edficas. Sergio Carrasco, declara que \u201csin duda, esta tercera Feria de FP Dual es una excelente oportunidad para que las empresas descubran el potencial de este modelo educativo y refuercen, de esta manera, su compromiso con el desarrollo del talento local. Gracias a la C\u00e1mara de Comercio por realizarlo en Ibi y acercar a las empresas toda esa informaci\u00f3n de relevancia que les ayudar\u00e1 en su labor de captaci\u00f3n\u201d.<\/p>\n\n\n\n<figure class=\"wp-block-image size-large\"><img decoding=\"async\" width=\"878\" height=\"1170\" src=\"https:\/\/www.lafresca.fm\/f-solosog\/2024\/12\/Bienvenida-alcalde-Ibi-FP-Dual-878x1170.jpg\" alt=\"\" class=\"wp-image-13428\" srcset=\"https:\/\/www.lafresca.fm\/f-solosog\/2024\/12\/Bienvenida-alcalde-Ibi-FP-Dual-878x1170.jpg 878w, https:\/\/www.lafresca.fm\/f-solosog\/2024\/12\/Bienvenida-alcalde-Ibi-FP-Dual-578x770.jpg 578w, https:\/\/www.lafresca.fm\/f-solosog\/2024\/12\/Bienvenida-alcalde-Ibi-FP-Dual-768x1024.jpg 768w, https:\/\/www.lafresca.fm\/f-solosog\/2024\/12\/Bienvenida-alcalde-Ibi-FP-Dual-1152x1536.jpg 1152w, https:\/\/www.lafresca.fm\/f-solosog\/2024\/12\/Bienvenida-alcalde-Ibi-FP-Dual.jpg 1536w\" sizes=\"(max-width: 878px) 100vw, 878px\" \/><\/figure>\n<script>function PlayerjsAsync(){} if(window[\"Playerjs\"]){PlayerjsAsync();}<\/script>","protected":false},"excerpt":{"rendered":"<p>El Centro Cultural Salvador Mir\u00f3 de Ibi ha acogido esta misma ma\u00f1ana la 3\u00aa edici\u00f3n de la Feria de Formaci\u00f3n Profesional Dual, un evento clave para fomentar la colaboraci\u00f3n entre el \u00e1mbito educativo y el tejido empresarial de la provincia. Organizada por la C\u00e1mara de Comercio de Alicante, en colaboraci\u00f3n ...<\/p>\n","protected":false},"author":2,"featured_media":13427,"comment_status":"closed","ping_status":"closed","sticky":false,"template":"","format":"standard","meta":{"_monsterinsights_skip_tracking":false,"_monsterinsights_sitenote_active":false,"_monsterinsights_sitenote_note":"","_monsterinsights_sitenote_category":0,"footnotes":""},"categories":[4],"tags":[],"class_list":["post-13426","post","type-post","status-publish","format-standard","has-post-thumbnail","hentry","category-alicante"],"aioseo_notices":[],"_links":{"self":[{"href":"https:\/\/www.lafresca.fm\/fresca-api-json\/wp\/v2\/posts\/13426","targetHints":{"allow":["GET"]}}],"collection":[{"href":"https:\/\/www.lafresca.fm\/fresca-api-json\/wp\/v2\/posts"}],"about":[{"href":"https:\/\/www.lafresca.fm\/fresca-api-json\/wp\/v2\/types\/post"}],"author":[{"embeddable":true,"href":"https:\/\/www.lafresca.fm\/fresca-api-json\/wp\/v2\/users\/2"}],"replies":[{"embeddable":true,"href":"https:\/\/www.lafresca.fm\/fresca-api-json\/wp\/v2\/comments?post=13426"}],"version-history":[{"count":2,"href":"https:\/\/www.lafresca.fm\/fresca-api-json\/wp\/v2\/posts\/13426\/revisions"}],"predecessor-version":[{"id":13430,"href":"https:\/\/www.lafresca.fm\/fresca-api-json\/wp\/v2\/posts\/13426\/revisions\/13430"}],"wp:featuredmedia":[{"embeddable":true,"href":"https:\/\/www.lafresca.fm\/fresca-api-json\/wp\/v2\/media\/13427"}],"wp:attachment":[{"href":"https:\/\/www.lafresca.fm\/fresca-api-json\/wp\/v2\/media?parent=13426"}],"wp:term":[{"taxonomy":"category","embeddable":true,"href":"https:\/\/www.lafresca.fm\/fresca-api-json\/wp\/v2\/categories?post=13426"},{"taxonomy":"post_tag","embeddable":true,"href":"https:\/\/www.lafresca.fm\/fresca-api-json\/wp\/v2\/tags?post=13426"}],"curies":[{"name":"wp","href":"https:\/\/api.w.org\/{rel}","templated":true}]}}