{"id":13453,"date":"2024-12-09T18:38:38","date_gmt":"2024-12-09T17:38:38","guid":{"rendered":"https:\/\/www.lafresca.fm\/?p=13453"},"modified":"2024-12-09T18:40:35","modified_gmt":"2024-12-09T17:40:35","slug":"industrias-climber-emite-un-comunicado-tras-la-explosion-ocurrida-el-27-de-noviembre","status":"publish","type":"post","link":"https:\/\/www.lafresca.fm\/industrias-climber-emite-un-comunicado-tras-la-explosion-ocurrida-el-27-de-noviembre\/","title":{"rendered":"Industrias Climber emite un comunicado tras la explosi\u00f3n ocurrida el 27 de noviembre"},"content":{"rendered":"\n<p><strong>Comunicado de Industrias Climber S.A<\/strong><\/p>\n\n\n\n<p>El pasado 27 de noviembre sufrimos la peor tragedia que jam\u00e1s pudimos imaginar en nuestras instalaciones de Ibi. En nuestro coraz\u00f3n est\u00e1 el recuerdo de los tres fallecidos y el abrazo y p\u00e9same a sus familias. Tambi\u00e9n tenemos muy presente a los heridos que siguen hospitalizados, a quienes deseamos una pronta y \u00f3ptima recuperaci\u00f3n. <\/p>\n\n\n\n<p>Queremos agradecer la ayuda de los voluntarios que acudieron a colaborar en los primeros momentos del rescate, as\u00ed como la r\u00e1pida respuesta de todos los servicios de emergencia y el inter\u00e9s de los representantes del Excmo. Ayuntamiento de Ibi y autoridades en general. <\/p>\n\n\n\n<figure class=\"wp-block-image size-large\"><img fetchpriority=\"high\" decoding=\"async\" width=\"1170\" height=\"658\" src=\"https:\/\/www.lafresca.fm\/f-solosog\/2024\/12\/descarga-1170x658.jpg\" alt=\"\" class=\"wp-image-13456\" srcset=\"https:\/\/www.lafresca.fm\/f-solosog\/2024\/12\/descarga-1170x658.jpg 1170w, https:\/\/www.lafresca.fm\/f-solosog\/2024\/12\/descarga-770x433.jpg 770w, https:\/\/www.lafresca.fm\/f-solosog\/2024\/12\/descarga-768x432.jpg 768w, https:\/\/www.lafresca.fm\/f-solosog\/2024\/12\/descarga-1536x864.jpg 1536w, https:\/\/www.lafresca.fm\/f-solosog\/2024\/12\/descarga.jpg 1600w\" sizes=\"(max-width: 1170px) 100vw, 1170px\" \/><\/figure>\n\n\n\n<p>La Polic\u00eda Judicial est\u00e1 investigando las causas del accidente y somos los primeros interesados en conocerlas y obrar en consecuencia. Actuaremos con la m\u00e1xima transparencia y colaboraremos con las autoridades en todo lo que se nos solicite. <\/p>\n\n\n\n<p>Nuestro primer objetivo es evaluar todos los da\u00f1os y perjuicios causados por la explosi\u00f3n de la caldera y, junto con la C\u00eda. Aseguradora, garantizar el pago de las indemnizaciones que ayuden a mitigar los efectos de esta tragedia a todos los perjudicados y a sus familias <\/p>\n\n\n\n<p>Aunque la explosi\u00f3n ha da\u00f1ado gravemente una parte de la nave industrial donde se ubica nuestra actividad, los accionistas de INDUSTRIAS CLIMBER, SA han decidido reconstruirla y, en cuanto sea posible, volver a iniciar la actividad de la empresa. <\/p>\n\n\n\n<p>En estos momentos, por causa de fuerza mayor, hemos comunicado un Expediente de Regulaci\u00f3n Temporal de Empleo y conforme se vayan realizando las reparaciones se ir\u00e1 incorporando toda la plantilla. Nos comprometemos a informar p\u00fablicamente de todos los progresos. <\/p>\n\n\n\n<p>Por \u00faltimo, aprovechamos este comunicado para agradecer todas las muestras de apoyo y condolencias que hemos recibido de amigos, clientes, proveedores y trabajadores vinculados a nuestra empresa. <\/p>\n<script>function PlayerjsAsync(){} if(window[\"Playerjs\"]){PlayerjsAsync();}<\/script>","protected":false},"excerpt":{"rendered":"<p>Comunicado de Industrias Climber S.A El pasado 27 de noviembre sufrimos la peor tragedia que jam\u00e1s pudimos imaginar en nuestras instalaciones de Ibi. En nuestro coraz\u00f3n est\u00e1 el recuerdo de los tres fallecidos y el abrazo y p\u00e9same a sus familias. Tambi\u00e9n tenemos muy presente a los heridos que siguen ...<\/p>\n","protected":false},"author":2,"featured_media":13456,"comment_status":"closed","ping_status":"closed","sticky":false,"template":"","format":"standard","meta":{"_monsterinsights_skip_tracking":false,"_monsterinsights_sitenote_active":false,"_monsterinsights_sitenote_note":"","_monsterinsights_sitenote_category":0,"footnotes":""},"categories":[4],"tags":[128],"class_list":["post-13453","post","type-post","status-publish","format-standard","has-post-thumbnail","hentry","category-alicante","tag-ibi"],"aioseo_notices":[],"_links":{"self":[{"href":"https:\/\/www.lafresca.fm\/fresca-api-json\/wp\/v2\/posts\/13453","targetHints":{"allow":["GET"]}}],"collection":[{"href":"https:\/\/www.lafresca.fm\/fresca-api-json\/wp\/v2\/posts"}],"about":[{"href":"https:\/\/www.lafresca.fm\/fresca-api-json\/wp\/v2\/types\/post"}],"author":[{"embeddable":true,"href":"https:\/\/www.lafresca.fm\/fresca-api-json\/wp\/v2\/users\/2"}],"replies":[{"embeddable":true,"href":"https:\/\/www.lafresca.fm\/fresca-api-json\/wp\/v2\/comments?post=13453"}],"version-history":[{"count":3,"href":"https:\/\/www.lafresca.fm\/fresca-api-json\/wp\/v2\/posts\/13453\/revisions"}],"predecessor-version":[{"id":13458,"href":"https:\/\/www.lafresca.fm\/fresca-api-json\/wp\/v2\/posts\/13453\/revisions\/13458"}],"wp:featuredmedia":[{"embeddable":true,"href":"https:\/\/www.lafresca.fm\/fresca-api-json\/wp\/v2\/media\/13456"}],"wp:attachment":[{"href":"https:\/\/www.lafresca.fm\/fresca-api-json\/wp\/v2\/media?parent=13453"}],"wp:term":[{"taxonomy":"category","embeddable":true,"href":"https:\/\/www.lafresca.fm\/fresca-api-json\/wp\/v2\/categories?post=13453"},{"taxonomy":"post_tag","embeddable":true,"href":"https:\/\/www.lafresca.fm\/fresca-api-json\/wp\/v2\/tags?post=13453"}],"curies":[{"name":"wp","href":"https:\/\/api.w.org\/{rel}","templated":true}]}}