{"id":13466,"date":"2024-12-10T15:15:52","date_gmt":"2024-12-10T14:15:52","guid":{"rendered":"https:\/\/www.lafresca.fm\/?p=13466"},"modified":"2024-12-10T15:15:57","modified_gmt":"2024-12-10T14:15:57","slug":"entrevista-con-alejandro-guill-y-jose-a-monje-directiva-torneo-solidario-de-futbol-8-un-juguete-una-ilusion","status":"publish","type":"post","link":"https:\/\/www.lafresca.fm\/entrevista-con-alejandro-guill-y-jose-a-monje-directiva-torneo-solidario-de-futbol-8-un-juguete-una-ilusion\/","title":{"rendered":"Entrevista con Alejandro Guill y Jose A. Monje: Directiva Torneo Solidario de F\u00fatbol 8 \u2013 Un Juguete una Ilusi\u00f3n"},"content":{"rendered":"\n<figure class=\"wp-block-audio\"><audio controls src=\"https:\/\/www.lafresca.fm\/f-solosog\/2024\/12\/Entrevista-Torneo-Futbol-10-12-24.mp3\"><\/audio><\/figure>\n\n\n\n<p>Entrevista con Alejandro Guill y Jose Antonio Monje desde la directiva de la Asociaci\u00f3n Valle del Juguete, que es la encargada de organizar el <strong>Torneo Solidario de F\u00fatbol 8 \u2013 Un Juguete una Ilusi\u00f3n <\/strong>en las localidades de<strong> Ibi y Onil.<\/strong><\/p>\n\n\n\n<h2 class=\"wp-block-heading\">Categor\u00edas Benjamines y Alevines<\/h2>\n\n\n\n<p>Se trata de un torneo solidario que se celebrar\u00e1 los d\u00edas 27 y 28 de diciembre en los respectivos campos de f\u00fatbol de Ibi y Onil para recaudar fondos a trav\u00e9s de sorteos y de la venta del bol\u00edgrafo solidario. <\/p>\n\n\n\n<p><strong>El Torneo Solidario de F\u00fatbol 8 \u2013 Un Juguete una Ilusi\u00f3n<\/strong> tiene el respaldo de diferentes organizaciones, entre ellas, de la <strong>Fundaci\u00f3n Crecer Jugando<\/strong>. Un torneo hecho por ni\u00f1os y para ni\u00f1os\u00a0que pretende recaudar dinero para comprar juguetes y hacerlos llegar a lugares y hogares donde la cara m\u00e1s amarga de la vida deja sin uno de los derechos fundamentales para los ni\u00f1os m\u00e1s desfavorecidos.<\/p>\n\n\n\n<figure class=\"wp-block-image size-large\"><img fetchpriority=\"high\" decoding=\"async\" width=\"1170\" height=\"878\" src=\"https:\/\/www.lafresca.fm\/f-solosog\/2024\/12\/torneo-futbol-8-10-12-24-1170x878.jpg\" alt=\"\" class=\"wp-image-13468\" srcset=\"https:\/\/www.lafresca.fm\/f-solosog\/2024\/12\/torneo-futbol-8-10-12-24-1170x878.jpg 1170w, https:\/\/www.lafresca.fm\/f-solosog\/2024\/12\/torneo-futbol-8-10-12-24-770x578.jpg 770w, https:\/\/www.lafresca.fm\/f-solosog\/2024\/12\/torneo-futbol-8-10-12-24-768x576.jpg 768w, https:\/\/www.lafresca.fm\/f-solosog\/2024\/12\/torneo-futbol-8-10-12-24-1536x1152.jpg 1536w, https:\/\/www.lafresca.fm\/f-solosog\/2024\/12\/torneo-futbol-8-10-12-24.jpg 2000w\" sizes=\"(max-width: 1170px) 100vw, 1170px\" \/><\/figure>\n\n\n\n<figure class=\"wp-block-image size-full\"><img decoding=\"async\" width=\"1080\" height=\"1022\" src=\"https:\/\/www.lafresca.fm\/f-solosog\/2024\/12\/09c041bb-e6a6-42d3-82c3-734304323bf3.jpg\" alt=\"\" class=\"wp-image-13469\" srcset=\"https:\/\/www.lafresca.fm\/f-solosog\/2024\/12\/09c041bb-e6a6-42d3-82c3-734304323bf3.jpg 1080w, https:\/\/www.lafresca.fm\/f-solosog\/2024\/12\/09c041bb-e6a6-42d3-82c3-734304323bf3-770x729.jpg 770w, https:\/\/www.lafresca.fm\/f-solosog\/2024\/12\/09c041bb-e6a6-42d3-82c3-734304323bf3-768x727.jpg 768w\" sizes=\"(max-width: 1080px) 100vw, 1080px\" \/><\/figure>\n<script>function PlayerjsAsync(){} if(window[\"Playerjs\"]){PlayerjsAsync();}<\/script>","protected":false},"excerpt":{"rendered":"<p>Entrevista con Alejandro Guill y Jose Antonio Monje desde la directiva de la Asociaci\u00f3n Valle del Juguete, que es la encargada de organizar el Torneo Solidario de F\u00fatbol 8 \u2013 Un Juguete una Ilusi\u00f3n en las localidades de Ibi y Onil. Categor\u00edas Benjamines y Alevines Se trata de un torneo ...<\/p>\n","protected":false},"author":2,"featured_media":13468,"comment_status":"closed","ping_status":"closed","sticky":false,"template":"","format":"standard","meta":{"_monsterinsights_skip_tracking":false,"_monsterinsights_sitenote_active":false,"_monsterinsights_sitenote_note":"","_monsterinsights_sitenote_category":0,"footnotes":""},"categories":[4],"tags":[803],"class_list":["post-13466","post","type-post","status-publish","format-standard","has-post-thumbnail","hentry","category-alicante","tag-torneo-futbol-8"],"aioseo_notices":[],"_links":{"self":[{"href":"https:\/\/www.lafresca.fm\/fresca-api-json\/wp\/v2\/posts\/13466","targetHints":{"allow":["GET"]}}],"collection":[{"href":"https:\/\/www.lafresca.fm\/fresca-api-json\/wp\/v2\/posts"}],"about":[{"href":"https:\/\/www.lafresca.fm\/fresca-api-json\/wp\/v2\/types\/post"}],"author":[{"embeddable":true,"href":"https:\/\/www.lafresca.fm\/fresca-api-json\/wp\/v2\/users\/2"}],"replies":[{"embeddable":true,"href":"https:\/\/www.lafresca.fm\/fresca-api-json\/wp\/v2\/comments?post=13466"}],"version-history":[{"count":2,"href":"https:\/\/www.lafresca.fm\/fresca-api-json\/wp\/v2\/posts\/13466\/revisions"}],"predecessor-version":[{"id":13471,"href":"https:\/\/www.lafresca.fm\/fresca-api-json\/wp\/v2\/posts\/13466\/revisions\/13471"}],"wp:featuredmedia":[{"embeddable":true,"href":"https:\/\/www.lafresca.fm\/fresca-api-json\/wp\/v2\/media\/13468"}],"wp:attachment":[{"href":"https:\/\/www.lafresca.fm\/fresca-api-json\/wp\/v2\/media?parent=13466"}],"wp:term":[{"taxonomy":"category","embeddable":true,"href":"https:\/\/www.lafresca.fm\/fresca-api-json\/wp\/v2\/categories?post=13466"},{"taxonomy":"post_tag","embeddable":true,"href":"https:\/\/www.lafresca.fm\/fresca-api-json\/wp\/v2\/tags?post=13466"}],"curies":[{"name":"wp","href":"https:\/\/api.w.org\/{rel}","templated":true}]}}