{"id":13499,"date":"2024-12-11T17:04:49","date_gmt":"2024-12-11T16:04:49","guid":{"rendered":"https:\/\/www.lafresca.fm\/?p=13499"},"modified":"2024-12-11T17:07:24","modified_gmt":"2024-12-11T16:07:24","slug":"la-diputacion-de-alicante-subvenciona-con-dos-millones-de-euros-el-nuevo-centro-de-dia-para-mayores-de-biar","status":"publish","type":"post","link":"https:\/\/www.lafresca.fm\/la-diputacion-de-alicante-subvenciona-con-dos-millones-de-euros-el-nuevo-centro-de-dia-para-mayores-de-biar\/","title":{"rendered":"La Diputaci\u00f3n de Alicante subvenciona con dos millones de euros el nuevo Centro de D\u00eda para Mayores de Biar"},"content":{"rendered":"\n<figure class=\"wp-block-audio\"><audio controls src=\"https:\/\/www.lafresca.fm\/f-solosog\/2024\/12\/Biar-Antonio-Bernabeu.mp3\"><\/audio><\/figure>\n\n\n\n<figure class=\"wp-block-audio\"><audio controls src=\"https:\/\/www.lafresca.fm\/f-solosog\/2024\/12\/Biar-Magdalena-Martinez.mp3\"><\/audio><\/figure>\n\n\n\n<ul class=\"wp-block-list\">\n<li>El diputado de Infraestructuras, Antonio Bernabeu, y la alcaldesa y diputada, Magdalena Mart\u00ednez, visitan el emplazamiento de este centro, que dar\u00e1 tambi\u00e9n servicio a las poblaciones de Beneixama, Ca\u00f1ada y Campo de Mirra&nbsp;&nbsp;<\/li>\n<\/ul>\n\n\n\n<p>La Diputaci\u00f3n de Alicante subvencionar\u00e1 con&nbsp;<strong>dos millones de euros&nbsp;<\/strong>la construcci\u00f3n del nuevo&nbsp;<strong>Centro de D\u00eda para Mayores de Biar<\/strong>, que dar\u00e1 servicio tambi\u00e9n a las poblaciones de&nbsp;<strong>Beneixama, Ca\u00f1ada y Campo de Mirra<\/strong>. En este caso ser\u00e1 la propia Diputaci\u00f3n la que redacte el proyecto y ejecute esta obra, que&nbsp;<strong>se ubicar\u00e1 en el antiguo colegio de infantil de la Plaza del Convento<\/strong>&nbsp;de Biar y contar\u00e1 con&nbsp;<strong>medio centenar de plazas<\/strong>.<\/p>\n\n\n\n<p>El diputado de Infraestructuras,&nbsp;<strong>Antonio Bernabeu<\/strong>, ha visitado esta ma\u00f1ana junto al alcaldesa y diputada provincial,&nbsp;<strong>Magdalena Mart\u00ednez<\/strong>, el emplazamiento en el que se ubicar\u00e1 este edificio. En la visita, que se ha iniciado en el Ayuntamiento de la localidad, tambi\u00e9n han participado los alcaldes&nbsp;<strong>Vicente Ib\u00e1\u00f1ez<\/strong>, de Beneixama,&nbsp;<strong>Rafael Serrano<\/strong>, de Ca\u00f1ada, y&nbsp;<strong>Juan Jos\u00e9 Espadas<\/strong>, de Campo de Mirra.&nbsp;&nbsp;<\/p>\n\n\n\n<p>Esta actuaci\u00f3n se enmarca en el acuerdo de colaboraci\u00f3n entre la Diputaci\u00f3n de Alicante y la Generalitat Valenciana para el desarrollo del&nbsp;<strong>Plan Convivint de Infraestructuras de Servicios Sociales<\/strong>&nbsp;que contempla, adem\u00e1s del centro de Biar, otras dos ayudas de la instituci\u00f3n provincial, tambi\u00e9n de&nbsp;<strong>dos millones de euros cada una de ellas, para Aspe y Santa Pola.<\/strong><\/p>\n\n\n\n<p>El responsable provincial ha destacado que las nuevas instalaciones \u201cnos permitir\u00e1n seguir mejorando la calidad de vida de los ciudadanos, de forma especial de aquellos que tienen m\u00e1s necesidades, que es el objetivo de las administraciones p\u00fablicas\u201d, al tiempo que ha puesto en valor \u201cla colaboraci\u00f3n entre distintas administraciones para impulsar esta obra tan importante para Biar y para el conjunto de municipios que integran la Mancomunidad del Alto Vinalop\u00f3\u201d.<\/p>\n\n\n\n<p>La&nbsp;<strong>financiaci\u00f3n&nbsp;<\/strong>se distribuir\u00e1 entre las anualidades&nbsp;<strong>de 2024 y 2027<\/strong>&nbsp;y la&nbsp;<strong>ejecuci\u00f3n de la obra la asumir\u00e1 la propia Diputaci\u00f3n<\/strong>&nbsp;de acuerdo con la planificaci\u00f3n y las normas que establezca la Conselleria de Servicios Sociales dada la singularidad del proyecto. En este sentido, el diputado ha avanzado que a lo largo de 2025 se redactar\u00e1 el proyecto y&nbsp;<strong>la obra se iniciar\u00e1 en 2026<\/strong>&nbsp;\u201cpor lo que podr\u00eda estar finalizada antes de que acabe la legislatura\u201d. El proyecto contempla la&nbsp;<strong>demolici\u00f3n de las edificaciones existentes<\/strong>&nbsp;-antigua escuela infantil- y la construcci\u00f3n de un&nbsp;<strong>inmueble de una sola planta y amplia zona ajardinada<\/strong>&nbsp;en esta misma parcela junto a la Plaza del Convento.<\/p>\n\n\n\n<figure class=\"wp-block-image size-full\"><img fetchpriority=\"high\" decoding=\"async\" width=\"780\" height=\"467\" src=\"https:\/\/www.lafresca.fm\/f-solosog\/2024\/12\/centro-de-mayores-Biar2-1068x467-1-780x467-1.jpeg\" alt=\"\" class=\"wp-image-13500\" srcset=\"https:\/\/www.lafresca.fm\/f-solosog\/2024\/12\/centro-de-mayores-Biar2-1068x467-1-780x467-1.jpeg 780w, https:\/\/www.lafresca.fm\/f-solosog\/2024\/12\/centro-de-mayores-Biar2-1068x467-1-780x467-1-770x461.jpeg 770w, https:\/\/www.lafresca.fm\/f-solosog\/2024\/12\/centro-de-mayores-Biar2-1068x467-1-780x467-1-768x460.jpeg 768w\" sizes=\"(max-width: 780px) 100vw, 780px\" \/><\/figure>\n\n\n\n<p>La alcaldesa ha detallado que el presupuesto municipal ya incluir\u00e1 en 2025 la partida destinada a la demolici\u00f3n y se trabaja ya en el cambio de uso de educativo a asistencial.<\/p>\n\n\n\n<p>\u201cSe trata de una obra muy importante para los municipios de la Mancomunidad del Alto Vinalop\u00f3, ya que con este proyecto vamos a prestar un servicio muy importante tanto a las personas mayores como a sus familias\u201d, ha indicado Magdalena Mart\u00ednez.&nbsp;&nbsp;<\/p>\n\n\n\n<p>El Centro de D\u00eda ofrecer\u00e1&nbsp;<strong>atenci\u00f3n y terapia rehabilitadora y biopsicosocial a las personas mayores dependientes que requieren este tipo de asistencia.<\/strong><\/p>\n\n\n\n<p><strong><u>Otros proyectos<\/u><\/strong><\/p>\n\n\n\n<p>Por otra parte, durante su estancia en Biar el diputado y los alcaldes tambi\u00e9n han visitado otros de los proyectos que impulsa la Diputaci\u00f3n en Biar, como la&nbsp;<strong>reurbanizaci\u00f3n de varias calles del casco antiguo<\/strong>, obra incluida en el anterior Planifica y actualmente en ejecuci\u00f3n, que cuenta con un presupuesto de&nbsp;<strong>770.056 euros<\/strong>, de los cuales la instituci\u00f3n provincial aporta 654.548 euros.<\/p>\n\n\n\n<p>Las&nbsp;<strong>nuevas instalaciones de la Polic\u00eda Local, la reforma de la piscina municipal, la reurbanizaci\u00f3n de la calle Santa Ana o la ampliaci\u00f3n del parque p\u00fablico El P<\/strong>l<strong>\u00e1tano<\/strong>&nbsp;son otros de los muchos proyectos que la Diputaci\u00f3n de Alicante ha financiado en esta poblaci\u00f3n del Alto Vinalop\u00f3 durante los \u00faltimos cinco a\u00f1os.<\/p>\n\n\n\n<p>En este sentido, Bernabeu ha se\u00f1alado que \u201cdesde la instituci\u00f3n provincial seguiremos apoyando todas aquellas iniciativas que nos traslade el Ayuntamiento y que contribuyan a mejorar la calidad de vida de los vecinos y vecinas de Biar\u201d. En este punto, ha indicado que ya se trabaja en los proyectos incluidos en el nuevo&nbsp;<strong>Planifica 2024-2027<\/strong>&nbsp;que, con cerca de&nbsp;<strong>800.000 euros<\/strong>, permitir\u00e1n&nbsp;<strong>adecuar y mejorar la urbanizaci\u00f3n del vial perimetral al casco urbano de Biar<\/strong>&nbsp;y&nbsp;<strong>acondicionar un edificio existente para archivo municipal<\/strong>.<\/p>\n<script>function PlayerjsAsync(){} if(window[\"Playerjs\"]){PlayerjsAsync();}<\/script>","protected":false},"excerpt":{"rendered":"<p>La Diputaci\u00f3n de Alicante subvencionar\u00e1 con&nbsp;dos millones de euros&nbsp;la construcci\u00f3n del nuevo&nbsp;Centro de D\u00eda para Mayores de Biar, que dar\u00e1 servicio tambi\u00e9n a las poblaciones de&nbsp;Beneixama, Ca\u00f1ada y Campo de Mirra. En este caso ser\u00e1 la propia Diputaci\u00f3n la que redacte el proyecto y ejecute esta obra, que&nbsp;se ubicar\u00e1 en ...<\/p>\n","protected":false},"author":2,"featured_media":13500,"comment_status":"closed","ping_status":"closed","sticky":false,"template":"","format":"standard","meta":{"_monsterinsights_skip_tracking":false,"_monsterinsights_sitenote_active":false,"_monsterinsights_sitenote_note":"","_monsterinsights_sitenote_category":0,"footnotes":""},"categories":[4],"tags":[],"class_list":["post-13499","post","type-post","status-publish","format-standard","has-post-thumbnail","hentry","category-alicante"],"aioseo_notices":[],"_links":{"self":[{"href":"https:\/\/www.lafresca.fm\/fresca-api-json\/wp\/v2\/posts\/13499","targetHints":{"allow":["GET"]}}],"collection":[{"href":"https:\/\/www.lafresca.fm\/fresca-api-json\/wp\/v2\/posts"}],"about":[{"href":"https:\/\/www.lafresca.fm\/fresca-api-json\/wp\/v2\/types\/post"}],"author":[{"embeddable":true,"href":"https:\/\/www.lafresca.fm\/fresca-api-json\/wp\/v2\/users\/2"}],"replies":[{"embeddable":true,"href":"https:\/\/www.lafresca.fm\/fresca-api-json\/wp\/v2\/comments?post=13499"}],"version-history":[{"count":2,"href":"https:\/\/www.lafresca.fm\/fresca-api-json\/wp\/v2\/posts\/13499\/revisions"}],"predecessor-version":[{"id":13505,"href":"https:\/\/www.lafresca.fm\/fresca-api-json\/wp\/v2\/posts\/13499\/revisions\/13505"}],"wp:featuredmedia":[{"embeddable":true,"href":"https:\/\/www.lafresca.fm\/fresca-api-json\/wp\/v2\/media\/13500"}],"wp:attachment":[{"href":"https:\/\/www.lafresca.fm\/fresca-api-json\/wp\/v2\/media?parent=13499"}],"wp:term":[{"taxonomy":"category","embeddable":true,"href":"https:\/\/www.lafresca.fm\/fresca-api-json\/wp\/v2\/categories?post=13499"},{"taxonomy":"post_tag","embeddable":true,"href":"https:\/\/www.lafresca.fm\/fresca-api-json\/wp\/v2\/tags?post=13499"}],"curies":[{"name":"wp","href":"https:\/\/api.w.org\/{rel}","templated":true}]}}