{"id":13532,"date":"2024-12-13T08:55:21","date_gmt":"2024-12-13T07:55:21","guid":{"rendered":"https:\/\/www.lafresca.fm\/?p=13532"},"modified":"2024-12-13T08:55:23","modified_gmt":"2024-12-13T07:55:23","slug":"%f0%9d%90%8b%f0%9d%90%84%f0%9d%90%ac%f0%9d%90%a9%f0%9d%90%9a%f0%9d%90%a2-%f0%9d%90%9d%f0%9d%90%9e-%f0%9d%90%8d%f0%9d%90%9a%f0%9d%90%9d%f0%9d%90%9a%f0%9d%90%a5-asociacion-amigos-de-los-reyes-magos-d","status":"publish","type":"post","link":"https:\/\/www.lafresca.fm\/%f0%9d%90%8b%f0%9d%90%84%f0%9d%90%ac%f0%9d%90%a9%f0%9d%90%9a%f0%9d%90%a2-%f0%9d%90%9d%f0%9d%90%9e-%f0%9d%90%8d%f0%9d%90%9a%f0%9d%90%9d%f0%9d%90%9a%f0%9d%90%a5-asociacion-amigos-de-los-reyes-magos-d\/","title":{"rendered":"\ud835\udc0b&#8217;\ud835\udc04\ud835\udc2c\ud835\udc29\ud835\udc1a\ud835\udc22 \ud835\udc1d\ud835\udc1e \ud835\udc0d\ud835\udc1a\ud835\udc1d\ud835\udc1a\ud835\udc25: Asociaci\u00f3n Amigos de los Reyes Magos de Castalla y Reis Mags d&#8217;Onil"},"content":{"rendered":"\n<p>\ud835\udc0b\u2019\ud835\udc04\ud835\udc2c\ud835\udc29\ud835\udc1a\ud835\udc22 \ud835\udc1d\ud835\udc1e \ud835\udc0d\ud835\udc1a\ud835\udc1d\ud835\udc1a\ud835\udc25 con Rosana Guill.\u00a0Un programa que nos acerca la navidad de cada pueblo de nuestra comarca.<\/p>\n\n\n\n<p>En la primera parte de la entrevista, nos visita Leandro Fuster y Joan L\u00f3pez, desde la <strong>Asociaci\u00f3n de Amigos de los reyes Magos de Castalla<\/strong>, para hablarnos de los preparativos de los d\u00edas m\u00e1s m\u00e1gicos del a\u00f1o en la ciudad de Castalla. <\/p>\n\n\n\n<p>En la segunda parte, nos visita Mar\u00eda Sanch\u00eds y Magda S\u00e1nchez desde la <strong>l&#8217;Associaci\u00f3 Reis Mags d&#8217;Onil<\/strong>. Todo listo y preparado para vivir unos d\u00edas de ilusi\u00f3n y alegr\u00eda. Presidente\/a Honor\u00edfico\/a, colla de negres, heraldo, cabalgata&#8230;<\/p>\n\n\n\n<figure class=\"wp-block-audio\"><audio controls src=\"https:\/\/www.lafresca.fm\/f-solosog\/2024\/12\/LESPAI-de-Nadal-Asoc.-Reyes-Castalla-y-Onil-1212-24.mp3\"><\/audio><\/figure>\n\n\n\n<figure class=\"wp-block-image size-full\"><img fetchpriority=\"high\" decoding=\"async\" width=\"1024\" height=\"594\" src=\"https:\/\/www.lafresca.fm\/f-solosog\/2024\/12\/1734075733651676.jpg\" alt=\"\" class=\"wp-image-13534\" srcset=\"https:\/\/www.lafresca.fm\/f-solosog\/2024\/12\/1734075733651676.jpg 1024w, https:\/\/www.lafresca.fm\/f-solosog\/2024\/12\/1734075733651676-770x447.jpg 770w, https:\/\/www.lafresca.fm\/f-solosog\/2024\/12\/1734075733651676-768x446.jpg 768w\" sizes=\"(max-width: 1024px) 100vw, 1024px\" \/><\/figure>\n<script>function PlayerjsAsync(){} if(window[\"Playerjs\"]){PlayerjsAsync();}<\/script>","protected":false},"excerpt":{"rendered":"<p>\ud835\udc0b\u2019\ud835\udc04\ud835\udc2c\ud835\udc29\ud835\udc1a\ud835\udc22 \ud835\udc1d\ud835\udc1e \ud835\udc0d\ud835\udc1a\ud835\udc1d\ud835\udc1a\ud835\udc25 con Rosana Guill.\u00a0Un programa que nos acerca la navidad de cada pueblo de nuestra comarca. En la primera parte de la entrevista, nos visita Leandro Fuster y Joan L\u00f3pez, desde la Asociaci\u00f3n de Amigos de los reyes Magos de Castalla, para hablarnos de los preparativos de los ...<\/p>\n","protected":false},"author":2,"featured_media":13534,"comment_status":"closed","ping_status":"closed","sticky":false,"template":"","format":"standard","meta":{"_monsterinsights_skip_tracking":false,"_monsterinsights_sitenote_active":false,"_monsterinsights_sitenote_note":"","_monsterinsights_sitenote_category":0,"footnotes":""},"categories":[4],"tags":[144,133],"class_list":["post-13532","post","type-post","status-publish","format-standard","has-post-thumbnail","hentry","category-alicante","tag-castalla","tag-onil"],"aioseo_notices":[],"_links":{"self":[{"href":"https:\/\/www.lafresca.fm\/fresca-api-json\/wp\/v2\/posts\/13532","targetHints":{"allow":["GET"]}}],"collection":[{"href":"https:\/\/www.lafresca.fm\/fresca-api-json\/wp\/v2\/posts"}],"about":[{"href":"https:\/\/www.lafresca.fm\/fresca-api-json\/wp\/v2\/types\/post"}],"author":[{"embeddable":true,"href":"https:\/\/www.lafresca.fm\/fresca-api-json\/wp\/v2\/users\/2"}],"replies":[{"embeddable":true,"href":"https:\/\/www.lafresca.fm\/fresca-api-json\/wp\/v2\/comments?post=13532"}],"version-history":[{"count":2,"href":"https:\/\/www.lafresca.fm\/fresca-api-json\/wp\/v2\/posts\/13532\/revisions"}],"predecessor-version":[{"id":13536,"href":"https:\/\/www.lafresca.fm\/fresca-api-json\/wp\/v2\/posts\/13532\/revisions\/13536"}],"wp:featuredmedia":[{"embeddable":true,"href":"https:\/\/www.lafresca.fm\/fresca-api-json\/wp\/v2\/media\/13534"}],"wp:attachment":[{"href":"https:\/\/www.lafresca.fm\/fresca-api-json\/wp\/v2\/media?parent=13532"}],"wp:term":[{"taxonomy":"category","embeddable":true,"href":"https:\/\/www.lafresca.fm\/fresca-api-json\/wp\/v2\/categories?post=13532"},{"taxonomy":"post_tag","embeddable":true,"href":"https:\/\/www.lafresca.fm\/fresca-api-json\/wp\/v2\/tags?post=13532"}],"curies":[{"name":"wp","href":"https:\/\/api.w.org\/{rel}","templated":true}]}}