{"id":13601,"date":"2024-12-19T15:13:22","date_gmt":"2024-12-19T14:13:22","guid":{"rendered":"https:\/\/www.lafresca.fm\/?p=13601"},"modified":"2024-12-19T15:13:24","modified_gmt":"2024-12-19T14:13:24","slug":"%f0%9d%90%8b%f0%9d%90%84%f0%9d%90%ac%f0%9d%90%a9%f0%9d%90%9a%f0%9d%90%a2-%f0%9d%90%9d%f0%9d%90%9e-%f0%9d%90%8d%f0%9d%90%9a%f0%9d%90%9d%f0%9d%90%9a%f0%9d%90%a5-vicente-tamarit-presidente-de","status":"publish","type":"post","link":"https:\/\/www.lafresca.fm\/%f0%9d%90%8b%f0%9d%90%84%f0%9d%90%ac%f0%9d%90%a9%f0%9d%90%9a%f0%9d%90%a2-%f0%9d%90%9d%f0%9d%90%9e-%f0%9d%90%8d%f0%9d%90%9a%f0%9d%90%9d%f0%9d%90%9a%f0%9d%90%a5-vicente-tamarit-presidente-de\/","title":{"rendered":"\ud835\udc0b\u2019\ud835\udc04\ud835\udc2c\ud835\udc29\ud835\udc1a\ud835\udc22 \ud835\udc1d\ud835\udc1e \ud835\udc0d\ud835\udc1a\ud835\udc1d\ud835\udc1a\ud835\udc25: Vicente Tamarit, presidente de la Asociaci\u00f3n Reyes Magos de Ibi"},"content":{"rendered":"\n<figure class=\"wp-block-audio\"><audio controls src=\"https:\/\/s17.aconvert.com\/convert\/p3r68-cdx67\/vjezz-h7plm.mp3\"><\/audio><\/figure>\n\n\n\n<p>\ud835\udc0b\u2019\ud835\udc04\ud835\udc2c\ud835\udc29\ud835\udc1a\ud835\udc22 \ud835\udc1d\ud835\udc1e \ud835\udc0d\ud835\udc1a\ud835\udc1d\ud835\udc1a\ud835\udc25 con Rosana Guill.&nbsp;Un programa que nos acerca la navidad de cada pueblo de nuestra comarca.<\/p>\n\n\n\n<p>Entrevista con Vicente Tamarit, presidente de la Asociaci\u00f3n de Reyes magos de Ibi, quien nos habla de todos los preparativos de los d\u00edas m\u00e1s m\u00e1gicos del a\u00f1o en la Villa de Ibi. <\/p>\n\n\n\n<figure class=\"wp-block-image size-large\"><img fetchpriority=\"high\" decoding=\"async\" width=\"1170\" height=\"878\" src=\"https:\/\/www.lafresca.fm\/f-solosog\/2024\/12\/reyes-magos-ibi-19-12-24-1170x878.jpeg\" alt=\"\" class=\"wp-image-13602\" srcset=\"https:\/\/www.lafresca.fm\/f-solosog\/2024\/12\/reyes-magos-ibi-19-12-24-1170x878.jpeg 1170w, https:\/\/www.lafresca.fm\/f-solosog\/2024\/12\/reyes-magos-ibi-19-12-24-770x578.jpeg 770w, https:\/\/www.lafresca.fm\/f-solosog\/2024\/12\/reyes-magos-ibi-19-12-24-768x576.jpeg 768w, https:\/\/www.lafresca.fm\/f-solosog\/2024\/12\/reyes-magos-ibi-19-12-24-1536x1152.jpeg 1536w, https:\/\/www.lafresca.fm\/f-solosog\/2024\/12\/reyes-magos-ibi-19-12-24.jpeg 2000w\" sizes=\"(max-width: 1170px) 100vw, 1170px\" \/><\/figure>\n\n\n\n<p><\/p>\n<script>function PlayerjsAsync(){} if(window[\"Playerjs\"]){PlayerjsAsync();}<\/script>","protected":false},"excerpt":{"rendered":"<p>\ud835\udc0b\u2019\ud835\udc04\ud835\udc2c\ud835\udc29\ud835\udc1a\ud835\udc22 \ud835\udc1d\ud835\udc1e \ud835\udc0d\ud835\udc1a\ud835\udc1d\ud835\udc1a\ud835\udc25 con Rosana Guill.&nbsp;Un programa que nos acerca la navidad de cada pueblo de nuestra comarca. Entrevista con Vicente Tamarit, presidente de la Asociaci\u00f3n de Reyes magos de Ibi, quien nos habla de todos los preparativos de los d\u00edas m\u00e1s m\u00e1gicos del a\u00f1o en la Villa de Ibi.<\/p>\n","protected":false},"author":2,"featured_media":13602,"comment_status":"closed","ping_status":"closed","sticky":false,"template":"","format":"standard","meta":{"_monsterinsights_skip_tracking":false,"_monsterinsights_sitenote_active":false,"_monsterinsights_sitenote_note":"","_monsterinsights_sitenote_category":0,"footnotes":""},"categories":[4],"tags":[128],"class_list":["post-13601","post","type-post","status-publish","format-standard","has-post-thumbnail","hentry","category-alicante","tag-ibi"],"aioseo_notices":[],"_links":{"self":[{"href":"https:\/\/www.lafresca.fm\/fresca-api-json\/wp\/v2\/posts\/13601","targetHints":{"allow":["GET"]}}],"collection":[{"href":"https:\/\/www.lafresca.fm\/fresca-api-json\/wp\/v2\/posts"}],"about":[{"href":"https:\/\/www.lafresca.fm\/fresca-api-json\/wp\/v2\/types\/post"}],"author":[{"embeddable":true,"href":"https:\/\/www.lafresca.fm\/fresca-api-json\/wp\/v2\/users\/2"}],"replies":[{"embeddable":true,"href":"https:\/\/www.lafresca.fm\/fresca-api-json\/wp\/v2\/comments?post=13601"}],"version-history":[{"count":3,"href":"https:\/\/www.lafresca.fm\/fresca-api-json\/wp\/v2\/posts\/13601\/revisions"}],"predecessor-version":[{"id":13606,"href":"https:\/\/www.lafresca.fm\/fresca-api-json\/wp\/v2\/posts\/13601\/revisions\/13606"}],"wp:featuredmedia":[{"embeddable":true,"href":"https:\/\/www.lafresca.fm\/fresca-api-json\/wp\/v2\/media\/13602"}],"wp:attachment":[{"href":"https:\/\/www.lafresca.fm\/fresca-api-json\/wp\/v2\/media?parent=13601"}],"wp:term":[{"taxonomy":"category","embeddable":true,"href":"https:\/\/www.lafresca.fm\/fresca-api-json\/wp\/v2\/categories?post=13601"},{"taxonomy":"post_tag","embeddable":true,"href":"https:\/\/www.lafresca.fm\/fresca-api-json\/wp\/v2\/tags?post=13601"}],"curies":[{"name":"wp","href":"https:\/\/api.w.org\/{rel}","templated":true}]}}