{"id":13617,"date":"2024-12-20T17:11:40","date_gmt":"2024-12-20T16:11:40","guid":{"rendered":"https:\/\/www.lafresca.fm\/?p=13617"},"modified":"2024-12-20T17:11:42","modified_gmt":"2024-12-20T16:11:42","slug":"balance-del-ano-y-felicitacion-navidena-de-jesus-lopez-blanco-alcalde-de-castalla","status":"publish","type":"post","link":"https:\/\/www.lafresca.fm\/balance-del-ano-y-felicitacion-navidena-de-jesus-lopez-blanco-alcalde-de-castalla\/","title":{"rendered":"Balance del a\u00f1o y felicitaci\u00f3n navide\u00f1a de Jes\u00fas L\u00f3pez Blanco, alcalde de Castalla"},"content":{"rendered":"\n<figure class=\"wp-block-audio\"><audio controls src=\"https:\/\/www.lafresca.fm\/f-solosog\/2024\/12\/SALUDO-NAVIDAD-ALCALDE-DE-CASTALLA-JESUS-LOPEZ-OK.mp3\"><\/audio><\/figure>\n\n\n\n<p>El alcalde de Castalla, Jes\u00fas L\u00f3pez Blanco hace balance del a\u00f1o 2024 y felicita la navidad a la localidad y a toda la audiencia<\/p>\n\n\n\n<figure class=\"wp-block-image size-full\"><img fetchpriority=\"high\" decoding=\"async\" width=\"1080\" height=\"810\" src=\"https:\/\/www.lafresca.fm\/f-solosog\/2024\/12\/jesus-lopez-1824.jpg\" alt=\"\" class=\"wp-image-13618\" srcset=\"https:\/\/www.lafresca.fm\/f-solosog\/2024\/12\/jesus-lopez-1824.jpg 1080w, https:\/\/www.lafresca.fm\/f-solosog\/2024\/12\/jesus-lopez-1824-770x578.jpg 770w, https:\/\/www.lafresca.fm\/f-solosog\/2024\/12\/jesus-lopez-1824-768x576.jpg 768w\" sizes=\"(max-width: 1080px) 100vw, 1080px\" \/><\/figure>\n<script>function PlayerjsAsync(){} if(window[\"Playerjs\"]){PlayerjsAsync();}<\/script>","protected":false},"excerpt":{"rendered":"<p>El alcalde de Castalla, Jes\u00fas L\u00f3pez Blanco hace balance del a\u00f1o 2024 y felicita la navidad a la localidad y a toda la audiencia<\/p>\n","protected":false},"author":2,"featured_media":13618,"comment_status":"closed","ping_status":"closed","sticky":false,"template":"","format":"standard","meta":{"_monsterinsights_skip_tracking":false,"_monsterinsights_sitenote_active":false,"_monsterinsights_sitenote_note":"","_monsterinsights_sitenote_category":0,"footnotes":""},"categories":[4],"tags":[144],"class_list":["post-13617","post","type-post","status-publish","format-standard","has-post-thumbnail","hentry","category-alicante","tag-castalla"],"aioseo_notices":[],"_links":{"self":[{"href":"https:\/\/www.lafresca.fm\/fresca-api-json\/wp\/v2\/posts\/13617","targetHints":{"allow":["GET"]}}],"collection":[{"href":"https:\/\/www.lafresca.fm\/fresca-api-json\/wp\/v2\/posts"}],"about":[{"href":"https:\/\/www.lafresca.fm\/fresca-api-json\/wp\/v2\/types\/post"}],"author":[{"embeddable":true,"href":"https:\/\/www.lafresca.fm\/fresca-api-json\/wp\/v2\/users\/2"}],"replies":[{"embeddable":true,"href":"https:\/\/www.lafresca.fm\/fresca-api-json\/wp\/v2\/comments?post=13617"}],"version-history":[{"count":2,"href":"https:\/\/www.lafresca.fm\/fresca-api-json\/wp\/v2\/posts\/13617\/revisions"}],"predecessor-version":[{"id":13621,"href":"https:\/\/www.lafresca.fm\/fresca-api-json\/wp\/v2\/posts\/13617\/revisions\/13621"}],"wp:featuredmedia":[{"embeddable":true,"href":"https:\/\/www.lafresca.fm\/fresca-api-json\/wp\/v2\/media\/13618"}],"wp:attachment":[{"href":"https:\/\/www.lafresca.fm\/fresca-api-json\/wp\/v2\/media?parent=13617"}],"wp:term":[{"taxonomy":"category","embeddable":true,"href":"https:\/\/www.lafresca.fm\/fresca-api-json\/wp\/v2\/categories?post=13617"},{"taxonomy":"post_tag","embeddable":true,"href":"https:\/\/www.lafresca.fm\/fresca-api-json\/wp\/v2\/tags?post=13617"}],"curies":[{"name":"wp","href":"https:\/\/api.w.org\/{rel}","templated":true}]}}