{"id":13750,"date":"2025-01-13T14:53:17","date_gmt":"2025-01-13T13:53:17","guid":{"rendered":"https:\/\/www.lafresca.fm\/?p=13750"},"modified":"2025-01-13T15:08:56","modified_gmt":"2025-01-13T14:08:56","slug":"entrevista-con-paloma-riquelme-responsable-del-area-de-formacion-de-aiju-cursos-gratuitos-para-desempleados","status":"publish","type":"post","link":"https:\/\/www.lafresca.fm\/entrevista-con-paloma-riquelme-responsable-del-area-de-formacion-de-aiju-cursos-gratuitos-para-desempleados\/","title":{"rendered":"Entrevista con Paloma Riquelme, responsable del \u00c1rea de Formaci\u00f3n de AIJU: Cursos gratuitos para desempleados"},"content":{"rendered":"\n<figure class=\"wp-block-audio\"><audio controls src=\"https:\/\/www.lafresca.fm\/f-solosog\/2025\/01\/Entrevista-aiju-9125.mp3\"><\/audio><\/figure>\n\n\n\n<p><strong>AIJU formar\u00e1 a personas desempleadas para cubrir las necesidades de empresas del sector pl\u00e1stico de la comarca<\/strong><\/p>\n\n\n\n<p>Entrevista con Paloma Riquelme, responsable del \u00c1rea de Formaci\u00f3n de AIJU: Cursos gratuitos para desempleados<\/p>\n\n\n\n<figure class=\"wp-block-image size-full\"><img fetchpriority=\"high\" decoding=\"async\" width=\"526\" height=\"526\" src=\"https:\/\/www.lafresca.fm\/f-solosog\/2025\/01\/469916541_120213409560310730_4781311385998746462_n.jpg\" alt=\"\" class=\"wp-image-13757\" srcset=\"https:\/\/www.lafresca.fm\/f-solosog\/2025\/01\/469916541_120213409560310730_4781311385998746462_n.jpg 526w, https:\/\/www.lafresca.fm\/f-solosog\/2025\/01\/469916541_120213409560310730_4781311385998746462_n-150x150.jpg 150w, https:\/\/www.lafresca.fm\/f-solosog\/2025\/01\/469916541_120213409560310730_4781311385998746462_n-100x100.jpg 100w, https:\/\/www.lafresca.fm\/f-solosog\/2025\/01\/469916541_120213409560310730_4781311385998746462_n-370x370.jpg 370w\" sizes=\"(max-width: 526px) 100vw, 526px\" \/><\/figure>\n\n\n\n<figure class=\"wp-block-embed is-type-wp-embed is-provider-lafresca wp-block-embed-lafresca\"><div class=\"wp-block-embed__wrapper\">\n<blockquote class=\"wp-embedded-content\" data-secret=\"0kABJk0GSV\"><a href=\"https:\/\/www.lafresca.fm\/aiju-formara-a-personas-desempleadas-para-cubrir-las-necesidades-de-empresas-del-sector-plastico-de-la-comarca\/\">AIJU formar\u00e1 a personas desempleadas para cubrir las necesidades de empresas del sector pl\u00e1stico de la comarca<\/a><\/blockquote><iframe class=\"wp-embedded-content\" sandbox=\"allow-scripts\" security=\"restricted\" style=\"position: absolute; visibility: hidden;\" title=\"\u00abAIJU formar\u00e1 a personas desempleadas para cubrir las necesidades de empresas del sector pl\u00e1stico de la comarca\u00bb \u2014 laFRESCA\" src=\"https:\/\/www.lafresca.fm\/aiju-formara-a-personas-desempleadas-para-cubrir-las-necesidades-de-empresas-del-sector-plastico-de-la-comarca\/embed\/#?secret=eBku48XwJ0#?secret=0kABJk0GSV\" data-secret=\"0kABJk0GSV\" width=\"600\" height=\"338\" frameborder=\"0\" marginwidth=\"0\" marginheight=\"0\" scrolling=\"no\"><\/iframe>\n<\/div><\/figure>\n<script>function PlayerjsAsync(){} if(window[\"Playerjs\"]){PlayerjsAsync();}<\/script>","protected":false},"excerpt":{"rendered":"<p>AIJU formar\u00e1 a personas desempleadas para cubrir las necesidades de empresas del sector pl\u00e1stico de la comarca Entrevista con Paloma Riquelme, responsable del \u00c1rea de Formaci\u00f3n de AIJU: Cursos gratuitos para desempleados<\/p>\n","protected":false},"author":2,"featured_media":13757,"comment_status":"closed","ping_status":"closed","sticky":false,"template":"","format":"standard","meta":{"_monsterinsights_skip_tracking":false,"_monsterinsights_sitenote_active":false,"_monsterinsights_sitenote_note":"","_monsterinsights_sitenote_category":0,"footnotes":""},"categories":[4],"tags":[200],"class_list":["post-13750","post","type-post","status-publish","format-standard","has-post-thumbnail","hentry","category-alicante","tag-aiju"],"aioseo_notices":[],"_links":{"self":[{"href":"https:\/\/www.lafresca.fm\/fresca-api-json\/wp\/v2\/posts\/13750","targetHints":{"allow":["GET"]}}],"collection":[{"href":"https:\/\/www.lafresca.fm\/fresca-api-json\/wp\/v2\/posts"}],"about":[{"href":"https:\/\/www.lafresca.fm\/fresca-api-json\/wp\/v2\/types\/post"}],"author":[{"embeddable":true,"href":"https:\/\/www.lafresca.fm\/fresca-api-json\/wp\/v2\/users\/2"}],"replies":[{"embeddable":true,"href":"https:\/\/www.lafresca.fm\/fresca-api-json\/wp\/v2\/comments?post=13750"}],"version-history":[{"count":2,"href":"https:\/\/www.lafresca.fm\/fresca-api-json\/wp\/v2\/posts\/13750\/revisions"}],"predecessor-version":[{"id":13758,"href":"https:\/\/www.lafresca.fm\/fresca-api-json\/wp\/v2\/posts\/13750\/revisions\/13758"}],"wp:featuredmedia":[{"embeddable":true,"href":"https:\/\/www.lafresca.fm\/fresca-api-json\/wp\/v2\/media\/13757"}],"wp:attachment":[{"href":"https:\/\/www.lafresca.fm\/fresca-api-json\/wp\/v2\/media?parent=13750"}],"wp:term":[{"taxonomy":"category","embeddable":true,"href":"https:\/\/www.lafresca.fm\/fresca-api-json\/wp\/v2\/categories?post=13750"},{"taxonomy":"post_tag","embeddable":true,"href":"https:\/\/www.lafresca.fm\/fresca-api-json\/wp\/v2\/tags?post=13750"}],"curies":[{"name":"wp","href":"https:\/\/api.w.org\/{rel}","templated":true}]}}