{"id":13770,"date":"2025-01-14T17:01:52","date_gmt":"2025-01-14T16:01:52","guid":{"rendered":"https:\/\/www.lafresca.fm\/?p=13770"},"modified":"2025-01-14T17:01:54","modified_gmt":"2025-01-14T16:01:54","slug":"nace-revolta-colivenca-para-mejorar-el-pueblo-de-onil-al-margen-de-los-partidos-politicos","status":"publish","type":"post","link":"https:\/\/www.lafresca.fm\/nace-revolta-colivenca-para-mejorar-el-pueblo-de-onil-al-margen-de-los-partidos-politicos\/","title":{"rendered":"Nace &#8220;Revolta Colivenca&#8221; para mejorar el pueblo de Onil al margen de los partidos pol\u00edticos"},"content":{"rendered":"\n<ul class=\"wp-block-list\">\n<li><strong>Nace &#8220;Revolta Colivenca&#8221; para mejorar el pueblo de Onil al margen de los partidos pol\u00edticos <\/strong><\/li>\n<\/ul>\n\n\n\n<p>Revolta Colivenca se presenta como un grupo de personas cuya \u00fanica finalidad es mejorar el pueblo de Onil al margen de los partidos pol\u00edticos de siempre, siendo Susana Ort\u00edz, concejal No Adscrita en el ayuntamiento de Onil, quien da voz a este grupo de personas.<\/p>\n\n\n\n<p>El colectivo iniciar\u00e1 sus aportaciones en el pr\u00f3ximo pleno municipal del mes de febrero, llevando una serie de propuestas con la finalidad de darle uso a las zonas del pueblo que llevan a\u00f1os inutilizadas, entre ellas, la zona de Parque La Creueta. <\/p>\n\n\n\n<p>Revolta Colivenca propone las siguientes ideas para este enclave: <\/p>\n\n\n\n<ul class=\"wp-block-list\">\n<li>Crear una zona como parque canino.<\/li>\n\n\n\n<li>Acondicionar la zona de parque infantil y ubicar porter\u00edas, canastas, etc.<\/li>\n\n\n\n<li>Habilitar una zona para el patinaje y Skate Park a trav\u00e9s de la adquisici\u00f3n de m\u00f3dulos y rampas.<\/li>\n<\/ul>\n\n\n\n<p>El colectivo anima a la poblaci\u00f3n a enviar sus propuestas para esta zona u otras a trav\u00e9s de sus redes sociales o al correo: revoltacolivenca@gmail.com<\/p>\n\n\n\n<figure class=\"wp-block-gallery has-nested-images columns-default is-cropped wp-block-gallery-1 is-layout-flex wp-block-gallery-is-layout-flex\">\n<figure class=\"wp-block-image size-large\"><img fetchpriority=\"high\" decoding=\"async\" width=\"1170\" height=\"878\" data-id=\"13773\" src=\"https:\/\/www.lafresca.fm\/f-solosog\/2025\/01\/c1-1170x878.jpg\" alt=\"\" class=\"wp-image-13773\" srcset=\"https:\/\/www.lafresca.fm\/f-solosog\/2025\/01\/c1-1170x878.jpg 1170w, https:\/\/www.lafresca.fm\/f-solosog\/2025\/01\/c1-770x578.jpg 770w, https:\/\/www.lafresca.fm\/f-solosog\/2025\/01\/c1-768x576.jpg 768w, https:\/\/www.lafresca.fm\/f-solosog\/2025\/01\/c1-1536x1152.jpg 1536w, https:\/\/www.lafresca.fm\/f-solosog\/2025\/01\/c1.jpg 1600w\" sizes=\"(max-width: 1170px) 100vw, 1170px\" \/><\/figure>\n\n\n\n<figure class=\"wp-block-image size-large\"><img decoding=\"async\" width=\"878\" height=\"1170\" data-id=\"13774\" src=\"https:\/\/www.lafresca.fm\/f-solosog\/2025\/01\/c2-878x1170.jpg\" alt=\"\" class=\"wp-image-13774\" srcset=\"https:\/\/www.lafresca.fm\/f-solosog\/2025\/01\/c2-878x1170.jpg 878w, https:\/\/www.lafresca.fm\/f-solosog\/2025\/01\/c2-578x770.jpg 578w, https:\/\/www.lafresca.fm\/f-solosog\/2025\/01\/c2-768x1024.jpg 768w, https:\/\/www.lafresca.fm\/f-solosog\/2025\/01\/c2-1152x1536.jpg 1152w, https:\/\/www.lafresca.fm\/f-solosog\/2025\/01\/c2.jpg 1200w\" sizes=\"(max-width: 878px) 100vw, 878px\" \/><\/figure>\n\n\n\n<figure class=\"wp-block-image size-large\"><img decoding=\"async\" width=\"878\" height=\"1170\" data-id=\"13775\" src=\"https:\/\/www.lafresca.fm\/f-solosog\/2025\/01\/c3-878x1170.jpg\" alt=\"\" class=\"wp-image-13775\" srcset=\"https:\/\/www.lafresca.fm\/f-solosog\/2025\/01\/c3-878x1170.jpg 878w, https:\/\/www.lafresca.fm\/f-solosog\/2025\/01\/c3-578x770.jpg 578w, https:\/\/www.lafresca.fm\/f-solosog\/2025\/01\/c3-768x1024.jpg 768w, https:\/\/www.lafresca.fm\/f-solosog\/2025\/01\/c3-1152x1536.jpg 1152w, https:\/\/www.lafresca.fm\/f-solosog\/2025\/01\/c3.jpg 1200w\" sizes=\"(max-width: 878px) 100vw, 878px\" \/><\/figure>\n<\/figure>\n\n\n\n<figure class=\"wp-block-image size-full\"><img loading=\"lazy\" decoding=\"async\" width=\"1080\" height=\"748\" src=\"https:\/\/www.lafresca.fm\/f-solosog\/2025\/01\/7055adcb-9ca5-46b2-8037-e795116e0c95.jpg\" alt=\"\" class=\"wp-image-13771\" srcset=\"https:\/\/www.lafresca.fm\/f-solosog\/2025\/01\/7055adcb-9ca5-46b2-8037-e795116e0c95.jpg 1080w, https:\/\/www.lafresca.fm\/f-solosog\/2025\/01\/7055adcb-9ca5-46b2-8037-e795116e0c95-770x533.jpg 770w, https:\/\/www.lafresca.fm\/f-solosog\/2025\/01\/7055adcb-9ca5-46b2-8037-e795116e0c95-768x532.jpg 768w\" sizes=\"(max-width: 1080px) 100vw, 1080px\" \/><\/figure>\n<script>function PlayerjsAsync(){} if(window[\"Playerjs\"]){PlayerjsAsync();}<\/script>","protected":false},"excerpt":{"rendered":"<p>Revolta Colivenca se presenta como un grupo de personas cuya \u00fanica finalidad es mejorar el pueblo de Onil al margen de los partidos pol\u00edticos de siempre, siendo Susana Ort\u00edz, concejal No Adscrita en el ayuntamiento de Onil, quien da voz a este grupo de personas. El colectivo iniciar\u00e1 sus aportaciones ...<\/p>\n","protected":false},"author":2,"featured_media":13771,"comment_status":"closed","ping_status":"closed","sticky":false,"template":"","format":"standard","meta":{"_monsterinsights_skip_tracking":false,"_monsterinsights_sitenote_active":false,"_monsterinsights_sitenote_note":"","_monsterinsights_sitenote_category":0,"footnotes":""},"categories":[4],"tags":[133,805],"class_list":["post-13770","post","type-post","status-publish","format-standard","has-post-thumbnail","hentry","category-alicante","tag-onil","tag-revolta-colivenca"],"aioseo_notices":[],"_links":{"self":[{"href":"https:\/\/www.lafresca.fm\/fresca-api-json\/wp\/v2\/posts\/13770","targetHints":{"allow":["GET"]}}],"collection":[{"href":"https:\/\/www.lafresca.fm\/fresca-api-json\/wp\/v2\/posts"}],"about":[{"href":"https:\/\/www.lafresca.fm\/fresca-api-json\/wp\/v2\/types\/post"}],"author":[{"embeddable":true,"href":"https:\/\/www.lafresca.fm\/fresca-api-json\/wp\/v2\/users\/2"}],"replies":[{"embeddable":true,"href":"https:\/\/www.lafresca.fm\/fresca-api-json\/wp\/v2\/comments?post=13770"}],"version-history":[{"count":2,"href":"https:\/\/www.lafresca.fm\/fresca-api-json\/wp\/v2\/posts\/13770\/revisions"}],"predecessor-version":[{"id":13777,"href":"https:\/\/www.lafresca.fm\/fresca-api-json\/wp\/v2\/posts\/13770\/revisions\/13777"}],"wp:featuredmedia":[{"embeddable":true,"href":"https:\/\/www.lafresca.fm\/fresca-api-json\/wp\/v2\/media\/13771"}],"wp:attachment":[{"href":"https:\/\/www.lafresca.fm\/fresca-api-json\/wp\/v2\/media?parent=13770"}],"wp:term":[{"taxonomy":"category","embeddable":true,"href":"https:\/\/www.lafresca.fm\/fresca-api-json\/wp\/v2\/categories?post=13770"},{"taxonomy":"post_tag","embeddable":true,"href":"https:\/\/www.lafresca.fm\/fresca-api-json\/wp\/v2\/tags?post=13770"}],"curies":[{"name":"wp","href":"https:\/\/api.w.org\/{rel}","templated":true}]}}