{"id":13800,"date":"2025-01-16T11:07:17","date_gmt":"2025-01-16T10:07:17","guid":{"rendered":"https:\/\/www.lafresca.fm\/?p=13800"},"modified":"2025-01-16T11:07:19","modified_gmt":"2025-01-16T10:07:19","slug":"onil-inicia-este-mes-de-enero-las-obras-de-adecuacion-de-las-pistas-de-atletismo","status":"publish","type":"post","link":"https:\/\/www.lafresca.fm\/onil-inicia-este-mes-de-enero-las-obras-de-adecuacion-de-las-pistas-de-atletismo\/","title":{"rendered":"Onil inicia este mes de enero las obras de adecuaci\u00f3n de las pistas de atletismo"},"content":{"rendered":"\n<p>El ayuntamiento de Onil acaba de anunciar el inicio de las obras de las Pistas de Atletismo para este mes de enero, adem\u00e1s de aclarar algunos puntos de este tema para evitar posibles controversias con la informaci\u00f3n surgida en el \u00faltimo pleno municipal <\/p>\n\n\n\n<p>Desde el Ayuntamiento de Onil, alegan, que en el mes de febrero de 2023 se solicitaba una ayuda para esta renovaci\u00f3n del pavimento confirmada en junio de 2023, recibiendo el proyecto necesario en diciembre del 2023. Ese mismo mes, es aprobado por la junta de gobierno local y se inicia el expediente de contrataci\u00f3n en enero de 2024, quedando todo preparado en abril y \u00fanicamente pendiente de consignaci\u00f3n presupuestaria por parte del Ayuntamiento para poder iniciar la licitaci\u00f3n de la obra. Esta consignaci\u00f3n se consigue en julio, pero previamente y viendo que plazos como se encontraban de ajustados, en junio se pide una ampliaci\u00f3n del plazo de justificaci\u00f3n, la cual es denegada por la Direcci\u00f3n General d\u2019 Esport.<\/p>\n\n\n\n<p>Posteriormente y tras conseguir esta consignaci\u00f3n, se da toda la celeridad posible al procedimiento de licitaci\u00f3n y contrataci\u00f3n, llegando a la mesa de contrataci\u00f3n el 4 de septiembre donde se asigna la obra a la mercantil Agorasport, S.A, formalizando finalmente el contrato el 15 de octubre, tras conseguir una ampliaci\u00f3n por la direcci\u00f3n general hasta el 30 de noviembre.<\/p>\n\n\n\n<p>La ejecuci\u00f3n del contrato comienza con el acta de comprobaci\u00f3n del replanteo, para el cual, la empresa adjudicataria utiliza el plazo m\u00e1ximo de un mes (13 de noviembre) y siendo el plazo de ejecuci\u00f3n de un mes y medio tras la mejora, se vuelve a solicitar ampliaci\u00f3n de plazo, no siendo posible m\u00e1s all\u00e1 del 5 de diciembre del 2024. Tras esta negativa e imposibilidad de cumplir con los plazos se plantea la disyuntiva de renunciar a la obra y pagar las penalizaciones pertinentes (calcul\u00e1ndose en torno a los 100.000 \u20ac), o continuar con la misma, volviendo a solicitar una subvenci\u00f3n, con el consiguiente riesgo de que el Ayuntamiento tenga que hacer frente a la obra.<\/p>\n\n\n\n<figure class=\"wp-block-image size-full\"><img fetchpriority=\"high\" decoding=\"async\" width=\"800\" height=\"450\" src=\"https:\/\/www.lafresca.fm\/f-solosog\/2025\/01\/Onil27.jpg\" alt=\"\" class=\"wp-image-13801\" srcset=\"https:\/\/www.lafresca.fm\/f-solosog\/2025\/01\/Onil27.jpg 800w, https:\/\/www.lafresca.fm\/f-solosog\/2025\/01\/Onil27-770x433.jpg 770w, https:\/\/www.lafresca.fm\/f-solosog\/2025\/01\/Onil27-768x432.jpg 768w\" sizes=\"(max-width: 800px) 100vw, 800px\" \/><\/figure>\n\n\n\n<p>Finalmente, y tras consultar con la Direcci\u00f3n General d\u2019Esport e internamente, se decide renunciar a la subvenci\u00f3n para evitar penalizaciones y continuar con la obra para poder volver a incluirla en alguna subvenci\u00f3n, haci\u00e9ndose cargo de la misma el Ayuntamiento, por considerarla del todo necesaria.<\/p>\n\n\n\n<p><em>&#8220;Desde el equipo de gobierno creemos firmemente en esta decisi\u00f3n, por la importancia del mantenimiento de una infraestructura deportiva tan relevante en nuestro municipio. Debido a los plazos tan limitados en los que se mueve la administraci\u00f3n conocemos los riesgos de nuestras decisiones, pero mantenemos firmemente que el riesgo de tener que correr con la totalidad de los gastos de la obra es muy inferior a los costes de no realizarla, como en casos similares, como por ejemplo, el del edificio para servicios sociales del parque del Balc\u00f3 de la Foia, en el que el Ayuntamiento ha tenido que hacer frente a unos gastos de m\u00e1s de 70.000 \u20ac y a\u00fan queda pendiente de una sentencia de otros 75.000 \u20ac sin finalmente tener ninguna obra realizada debido igualmente a problemas con los plazos&#8221;<\/em> <em>&#8220;Estamos seguros de que no todo el mundo estar\u00e1 de acuerdo con esta decisi\u00f3n, pero creemos que es la mejor para Onil, y por supuesto, estamos a disposici\u00f3n de todo ciudadano que quiera ampliar esta informaci\u00f3n.&#8221;<\/em><br><\/p>\n<script>function PlayerjsAsync(){} if(window[\"Playerjs\"]){PlayerjsAsync();}<\/script>","protected":false},"excerpt":{"rendered":"<p>El ayuntamiento de Onil acaba de anunciar el inicio de las obras de las Pistas de Atletismo para este mes de enero, adem\u00e1s de aclarar algunos puntos de este tema para evitar posibles controversias con la informaci\u00f3n surgida en el \u00faltimo pleno municipal Desde el Ayuntamiento de Onil, alegan, que ...<\/p>\n","protected":false},"author":2,"featured_media":13801,"comment_status":"closed","ping_status":"closed","sticky":false,"template":"","format":"standard","meta":{"_monsterinsights_skip_tracking":false,"_monsterinsights_sitenote_active":false,"_monsterinsights_sitenote_note":"","_monsterinsights_sitenote_category":0,"footnotes":""},"categories":[4],"tags":[133],"class_list":["post-13800","post","type-post","status-publish","format-standard","has-post-thumbnail","hentry","category-alicante","tag-onil"],"aioseo_notices":[],"_links":{"self":[{"href":"https:\/\/www.lafresca.fm\/fresca-api-json\/wp\/v2\/posts\/13800","targetHints":{"allow":["GET"]}}],"collection":[{"href":"https:\/\/www.lafresca.fm\/fresca-api-json\/wp\/v2\/posts"}],"about":[{"href":"https:\/\/www.lafresca.fm\/fresca-api-json\/wp\/v2\/types\/post"}],"author":[{"embeddable":true,"href":"https:\/\/www.lafresca.fm\/fresca-api-json\/wp\/v2\/users\/2"}],"replies":[{"embeddable":true,"href":"https:\/\/www.lafresca.fm\/fresca-api-json\/wp\/v2\/comments?post=13800"}],"version-history":[{"count":2,"href":"https:\/\/www.lafresca.fm\/fresca-api-json\/wp\/v2\/posts\/13800\/revisions"}],"predecessor-version":[{"id":13803,"href":"https:\/\/www.lafresca.fm\/fresca-api-json\/wp\/v2\/posts\/13800\/revisions\/13803"}],"wp:featuredmedia":[{"embeddable":true,"href":"https:\/\/www.lafresca.fm\/fresca-api-json\/wp\/v2\/media\/13801"}],"wp:attachment":[{"href":"https:\/\/www.lafresca.fm\/fresca-api-json\/wp\/v2\/media?parent=13800"}],"wp:term":[{"taxonomy":"category","embeddable":true,"href":"https:\/\/www.lafresca.fm\/fresca-api-json\/wp\/v2\/categories?post=13800"},{"taxonomy":"post_tag","embeddable":true,"href":"https:\/\/www.lafresca.fm\/fresca-api-json\/wp\/v2\/tags?post=13800"}],"curies":[{"name":"wp","href":"https:\/\/api.w.org\/{rel}","templated":true}]}}