{"id":13816,"date":"2025-01-16T16:20:12","date_gmt":"2025-01-16T15:20:12","guid":{"rendered":"https:\/\/www.lafresca.fm\/?p=13816"},"modified":"2025-01-17T08:47:26","modified_gmt":"2025-01-17T07:47:26","slug":"rafa-serralta-deja-su-acta-de-concejal-en-ibi-por-enfermedad","status":"publish","type":"post","link":"https:\/\/www.lafresca.fm\/rafa-serralta-deja-su-acta-de-concejal-en-ibi-por-enfermedad\/","title":{"rendered":"Rafa Serralta dejar\u00e1 su acta de concejal en Ibi por enfermedad"},"content":{"rendered":"\n<p>El que fuera alcalde del Partido Popular de Ibi durante nueve a\u00f1os y hasta el 2023 dejar\u00e1 durante los pr\u00f3ximos d\u00edas su acta de concejal en el ayuntamiento tras pasar m\u00e1s de un a\u00f1o de baja por enfermedad.<\/p>\n\n\n\n<p>Rafa Serralta encabez\u00f3 la lista del PP de Ibi en las \u00faltimas elecciones de 2023, pasando a la oposici\u00f3n tras casi una d\u00e9cada como alcalde<\/p>\n\n\n\n<figure class=\"wp-block-image size-full\"><img fetchpriority=\"high\" decoding=\"async\" width=\"720\" height=\"960\" src=\"https:\/\/www.lafresca.fm\/f-solosog\/2025\/01\/93860791_2551879888411792_1694769360284942336_n.jpg\" alt=\"\" class=\"wp-image-13817\" srcset=\"https:\/\/www.lafresca.fm\/f-solosog\/2025\/01\/93860791_2551879888411792_1694769360284942336_n.jpg 720w, https:\/\/www.lafresca.fm\/f-solosog\/2025\/01\/93860791_2551879888411792_1694769360284942336_n-578x770.jpg 578w\" sizes=\"(max-width: 720px) 100vw, 720px\" \/><\/figure>\n\n\n\n<p><\/p>\n<script>function PlayerjsAsync(){} if(window[\"Playerjs\"]){PlayerjsAsync();}<\/script>","protected":false},"excerpt":{"rendered":"<p>El que fuera alcalde del Partido Popular de Ibi durante nueve a\u00f1os y hasta el 2023 dejar\u00e1 durante los pr\u00f3ximos d\u00edas su acta de concejal en el ayuntamiento tras pasar m\u00e1s de un a\u00f1o de baja por enfermedad. Rafa Serralta encabez\u00f3 la lista del PP de Ibi en las \u00faltimas ...<\/p>\n","protected":false},"author":2,"featured_media":13817,"comment_status":"closed","ping_status":"closed","sticky":false,"template":"","format":"standard","meta":{"_monsterinsights_skip_tracking":false,"_monsterinsights_sitenote_active":false,"_monsterinsights_sitenote_note":"","_monsterinsights_sitenote_category":0,"footnotes":""},"categories":[4],"tags":[128,178],"class_list":["post-13816","post","type-post","status-publish","format-standard","has-post-thumbnail","hentry","category-alicante","tag-ibi","tag-rafa-serralta"],"aioseo_notices":[],"_links":{"self":[{"href":"https:\/\/www.lafresca.fm\/fresca-api-json\/wp\/v2\/posts\/13816","targetHints":{"allow":["GET"]}}],"collection":[{"href":"https:\/\/www.lafresca.fm\/fresca-api-json\/wp\/v2\/posts"}],"about":[{"href":"https:\/\/www.lafresca.fm\/fresca-api-json\/wp\/v2\/types\/post"}],"author":[{"embeddable":true,"href":"https:\/\/www.lafresca.fm\/fresca-api-json\/wp\/v2\/users\/2"}],"replies":[{"embeddable":true,"href":"https:\/\/www.lafresca.fm\/fresca-api-json\/wp\/v2\/comments?post=13816"}],"version-history":[{"count":3,"href":"https:\/\/www.lafresca.fm\/fresca-api-json\/wp\/v2\/posts\/13816\/revisions"}],"predecessor-version":[{"id":13823,"href":"https:\/\/www.lafresca.fm\/fresca-api-json\/wp\/v2\/posts\/13816\/revisions\/13823"}],"wp:featuredmedia":[{"embeddable":true,"href":"https:\/\/www.lafresca.fm\/fresca-api-json\/wp\/v2\/media\/13817"}],"wp:attachment":[{"href":"https:\/\/www.lafresca.fm\/fresca-api-json\/wp\/v2\/media?parent=13816"}],"wp:term":[{"taxonomy":"category","embeddable":true,"href":"https:\/\/www.lafresca.fm\/fresca-api-json\/wp\/v2\/categories?post=13816"},{"taxonomy":"post_tag","embeddable":true,"href":"https:\/\/www.lafresca.fm\/fresca-api-json\/wp\/v2\/tags?post=13816"}],"curies":[{"name":"wp","href":"https:\/\/api.w.org\/{rel}","templated":true}]}}