{"id":13842,"date":"2025-01-20T15:50:42","date_gmt":"2025-01-20T14:50:42","guid":{"rendered":"https:\/\/www.lafresca.fm\/?p=13842"},"modified":"2025-01-20T16:24:29","modified_gmt":"2025-01-20T15:24:29","slug":"del-valle-del-juguete-a-canada-el-viaje-academico-y-personal-de-isabel-y-norbert-con-una-beca-de-amancio-ortega","status":"publish","type":"post","link":"https:\/\/www.lafresca.fm\/del-valle-del-juguete-a-canada-el-viaje-academico-y-personal-de-isabel-y-norbert-con-una-beca-de-amancio-ortega\/","title":{"rendered":"Del Valle del Juguete a Canad\u00e1: el viaje acad\u00e9mico (y personal) de Isabel y Norbert con una beca de Amancio Ortega"},"content":{"rendered":"\n<p>Isabel Rico Villena, estudiante de 4\u00ba de ESO en el Instituto la Creueta de Onil y Norbert Torres Toth, estudiante de 4\u00ba de ESO en el Instituto Enric Valor de Castalla, han conseguido 2 de las 450 plazas que ofrece la Fundaci\u00f3n Amancio Ortega. Ambos se marchar\u00e1n el pr\u00f3ximo mes de agosto a Canad\u00e1 para completar su primer a\u00f1o de Bachillerato gracias a la&nbsp;<strong>Fundaci\u00f3n Amancio Ortega<\/strong>. Llegar hasta aqu\u00ed no ha sido nada f\u00e1cil y el recorrido, al que a\u00fan le restan etapas por cubrir, ha estado plagado de pruebas y tr\u00e1mites que los estudiantes has solventado con suficiencia de la mano de su propio centro educativo y de la agencia encargada de acompa\u00f1ar a los alumnos en este tipo de procesos. Este a\u00f1o, m\u00e1s de&nbsp;11.000 estudiantes de toda Espa\u00f1a&nbsp;participaron en el riguroso proceso de selecci\u00f3n, del cual solo&nbsp;450&nbsp;fueron seleccionados,&nbsp;<\/p>\n\n\n\n<p>Isabel y Norbert, tendr\u00e1n cubierto el viaje de ida y vuelta a la localidad de destino, las tasas de escolarizaci\u00f3n y matr\u00edcula en un instituto p\u00fablico, el alojamiento y manutenci\u00f3n en una familia anfitriona, seguro m\u00e9dico y de accidentes, la convalidaci\u00f3n del curso acad\u00e9mico y una asignaci\u00f3n mensual para gastos menores, adem\u00e1s de actividades complementarias antes de la salida al pa\u00eds de destino, dirigidas a la formaci\u00f3n de los\/as estudiantes becados\/as y a la tramitaci\u00f3n de sus expedientes.<\/p>\n\n\n\n<p>El&nbsp;<strong>Programa de Becas de la Fundaci\u00f3n Amancio Ortega<\/strong>&nbsp;nace en 2010 con el objetivo de apoyar a j\u00f3venes estudiantes de 4\u00ba de ESO para&nbsp;<strong>estudiar 1\u00ba de Bachillerato en Canad\u00e1 o Estados Unidos<\/strong>. Desde entonces, han participado m\u00e1s de 5.000 estudiantes, integr\u00e1ndose en la cultura del pa\u00eds de destino y perfeccionando su dominio del ingl\u00e9s.<\/p>\n\n\n\n<p><strong>Para favorecer una inmersi\u00f3n completa, los\/as becarios\/as conviven con una familia anfitriona y acuden a centros educativos locales<\/strong>, viviendo una experiencia inolvidable en la que adquieren nuevos conocimientos y desarrollan sus habilidades personales y acad\u00e9micas.<\/p>\n\n\n\n<figure class=\"wp-block-image size-full\"><img fetchpriority=\"high\" decoding=\"async\" width=\"819\" height=\"789\" src=\"https:\/\/www.lafresca.fm\/f-solosog\/2025\/01\/beca-ok-1.png\" alt=\"\" class=\"wp-image-13846\" srcset=\"https:\/\/www.lafresca.fm\/f-solosog\/2025\/01\/beca-ok-1.png 819w, https:\/\/www.lafresca.fm\/f-solosog\/2025\/01\/beca-ok-1-770x742.png 770w, https:\/\/www.lafresca.fm\/f-solosog\/2025\/01\/beca-ok-1-768x740.png 768w\" sizes=\"(max-width: 819px) 100vw, 819px\" \/><\/figure>\n<script>function PlayerjsAsync(){} if(window[\"Playerjs\"]){PlayerjsAsync();}<\/script>","protected":false},"excerpt":{"rendered":"<p>Isabel Rico Villena, estudiante de 4\u00ba de ESO en el Instituto la Creueta de Onil y Norbert Torres Toth, estudiante de 4\u00ba de ESO en el Instituto Enric Valor de Castalla, han conseguido 2 de las 450 plazas que ofrece la Fundaci\u00f3n Amancio Ortega. Ambos se marchar\u00e1n el pr\u00f3ximo mes ...<\/p>\n","protected":false},"author":2,"featured_media":13846,"comment_status":"closed","ping_status":"closed","sticky":false,"template":"","format":"standard","meta":{"_monsterinsights_skip_tracking":false,"_monsterinsights_sitenote_active":false,"_monsterinsights_sitenote_note":"","_monsterinsights_sitenote_category":0,"footnotes":""},"categories":[4],"tags":[144,133],"class_list":["post-13842","post","type-post","status-publish","format-standard","has-post-thumbnail","hentry","category-alicante","tag-castalla","tag-onil"],"aioseo_notices":[],"_links":{"self":[{"href":"https:\/\/www.lafresca.fm\/fresca-api-json\/wp\/v2\/posts\/13842","targetHints":{"allow":["GET"]}}],"collection":[{"href":"https:\/\/www.lafresca.fm\/fresca-api-json\/wp\/v2\/posts"}],"about":[{"href":"https:\/\/www.lafresca.fm\/fresca-api-json\/wp\/v2\/types\/post"}],"author":[{"embeddable":true,"href":"https:\/\/www.lafresca.fm\/fresca-api-json\/wp\/v2\/users\/2"}],"replies":[{"embeddable":true,"href":"https:\/\/www.lafresca.fm\/fresca-api-json\/wp\/v2\/comments?post=13842"}],"version-history":[{"count":3,"href":"https:\/\/www.lafresca.fm\/fresca-api-json\/wp\/v2\/posts\/13842\/revisions"}],"predecessor-version":[{"id":13848,"href":"https:\/\/www.lafresca.fm\/fresca-api-json\/wp\/v2\/posts\/13842\/revisions\/13848"}],"wp:featuredmedia":[{"embeddable":true,"href":"https:\/\/www.lafresca.fm\/fresca-api-json\/wp\/v2\/media\/13846"}],"wp:attachment":[{"href":"https:\/\/www.lafresca.fm\/fresca-api-json\/wp\/v2\/media?parent=13842"}],"wp:term":[{"taxonomy":"category","embeddable":true,"href":"https:\/\/www.lafresca.fm\/fresca-api-json\/wp\/v2\/categories?post=13842"},{"taxonomy":"post_tag","embeddable":true,"href":"https:\/\/www.lafresca.fm\/fresca-api-json\/wp\/v2\/tags?post=13842"}],"curies":[{"name":"wp","href":"https:\/\/api.w.org\/{rel}","templated":true}]}}