{"id":13849,"date":"2025-01-20T16:46:29","date_gmt":"2025-01-20T15:46:29","guid":{"rendered":"https:\/\/www.lafresca.fm\/?p=13849"},"modified":"2025-01-20T16:46:31","modified_gmt":"2025-01-20T15:46:31","slug":"castalla-anuncia-la-feria-de-san-isidro-2025-e-inicia-el-plazo-de-inscripcion-para-expositores","status":"publish","type":"post","link":"https:\/\/www.lafresca.fm\/castalla-anuncia-la-feria-de-san-isidro-2025-e-inicia-el-plazo-de-inscripcion-para-expositores\/","title":{"rendered":"Castalla anuncia la Feria de San Isidro 2025 e inicia el plazo de inscripci\u00f3n para expositores"},"content":{"rendered":"\n<p>El Ayuntamiento de Castalla ha anunciado que la Feria de San Isidro 2025 se celebrar\u00e1 los d\u00edas 23, 24 y 25 de mayo, una de las citas m\u00e1s esperadas de la localidad, que cada a\u00f1o re\u00fane a miles de visitantes en un ambiente festivo y familiar.<\/p>\n\n\n\n<p>A partir de hoy, y hasta el pr\u00f3ximo 31 de marzo, los expositores interesados podr\u00e1n inscribirse para formar parte de este gran evento que combina tradici\u00f3n, comercio y cultura. Artesanos, comerciantes y profesionales de diversos sectores tendr\u00e1n la oportunidad de presentar sus productos y servicios en un entorno lleno de vida y actividad.<\/p>\n\n\n\n<p>Las inscripciones deben realizarse a trav\u00e9s de la p\u00e1gina web oficial:<br>\ud83d\udc49 <a href=\"http:\/\/fsi.feriasanisidrocastalla.com\/expositores\/\">http:\/\/fsi.feriasanisidrocastalla.com\/expositores\/<\/a><\/p>\n\n\n\n<p>La Feria de San Isidro es mucho m\u00e1s que una feria comercial: es un punto de encuentro que refleja la identidad de Castalla, con actividades para todas las edades, espect\u00e1culos en vivo, una rica oferta gastron\u00f3mica y espacios dedicados a la cultura y las tradiciones locales.<\/p>\n\n\n\n<p>El Ayuntamiento invita a todos los interesados a formalizar su inscripci\u00f3n dentro del plazo establecido y a sumarse a esta gran celebraci\u00f3n que promete, un a\u00f1o m\u00e1s, ser un \u00e9xito rotundo.<\/p>\n\n\n\n<p>\u00a1No te pierdas la Feria de San Isidro 2025, el evento que combina tradici\u00f3n, cultura y diversi\u00f3n para todos!<\/p>\n\n\n\n<figure class=\"wp-block-image size-full\"><img fetchpriority=\"high\" decoding=\"async\" width=\"1080\" height=\"1080\" src=\"https:\/\/www.lafresca.fm\/f-solosog\/2025\/01\/460ba121-00dc-4cab-b0c5-28b00623857b.jpg\" alt=\"\" class=\"wp-image-13850\" srcset=\"https:\/\/www.lafresca.fm\/f-solosog\/2025\/01\/460ba121-00dc-4cab-b0c5-28b00623857b.jpg 1080w, https:\/\/www.lafresca.fm\/f-solosog\/2025\/01\/460ba121-00dc-4cab-b0c5-28b00623857b-770x770.jpg 770w, https:\/\/www.lafresca.fm\/f-solosog\/2025\/01\/460ba121-00dc-4cab-b0c5-28b00623857b-150x150.jpg 150w, https:\/\/www.lafresca.fm\/f-solosog\/2025\/01\/460ba121-00dc-4cab-b0c5-28b00623857b-768x768.jpg 768w, https:\/\/www.lafresca.fm\/f-solosog\/2025\/01\/460ba121-00dc-4cab-b0c5-28b00623857b-100x100.jpg 100w, https:\/\/www.lafresca.fm\/f-solosog\/2025\/01\/460ba121-00dc-4cab-b0c5-28b00623857b-370x370.jpg 370w\" sizes=\"(max-width: 1080px) 100vw, 1080px\" \/><\/figure>\n<script>function PlayerjsAsync(){} if(window[\"Playerjs\"]){PlayerjsAsync();}<\/script>","protected":false},"excerpt":{"rendered":"<p>El Ayuntamiento de Castalla ha anunciado que la Feria de San Isidro 2025 se celebrar\u00e1 los d\u00edas 23, 24 y 25 de mayo, una de las citas m\u00e1s esperadas de la localidad, que cada a\u00f1o re\u00fane a miles de visitantes en un ambiente festivo y familiar. A partir de hoy, ...<\/p>\n","protected":false},"author":2,"featured_media":13850,"comment_status":"closed","ping_status":"closed","sticky":false,"template":"","format":"standard","meta":{"_monsterinsights_skip_tracking":false,"_monsterinsights_sitenote_active":false,"_monsterinsights_sitenote_note":"","_monsterinsights_sitenote_category":0,"footnotes":""},"categories":[4],"tags":[144],"class_list":["post-13849","post","type-post","status-publish","format-standard","has-post-thumbnail","hentry","category-alicante","tag-castalla"],"aioseo_notices":[],"_links":{"self":[{"href":"https:\/\/www.lafresca.fm\/fresca-api-json\/wp\/v2\/posts\/13849","targetHints":{"allow":["GET"]}}],"collection":[{"href":"https:\/\/www.lafresca.fm\/fresca-api-json\/wp\/v2\/posts"}],"about":[{"href":"https:\/\/www.lafresca.fm\/fresca-api-json\/wp\/v2\/types\/post"}],"author":[{"embeddable":true,"href":"https:\/\/www.lafresca.fm\/fresca-api-json\/wp\/v2\/users\/2"}],"replies":[{"embeddable":true,"href":"https:\/\/www.lafresca.fm\/fresca-api-json\/wp\/v2\/comments?post=13849"}],"version-history":[{"count":2,"href":"https:\/\/www.lafresca.fm\/fresca-api-json\/wp\/v2\/posts\/13849\/revisions"}],"predecessor-version":[{"id":13852,"href":"https:\/\/www.lafresca.fm\/fresca-api-json\/wp\/v2\/posts\/13849\/revisions\/13852"}],"wp:featuredmedia":[{"embeddable":true,"href":"https:\/\/www.lafresca.fm\/fresca-api-json\/wp\/v2\/media\/13850"}],"wp:attachment":[{"href":"https:\/\/www.lafresca.fm\/fresca-api-json\/wp\/v2\/media?parent=13849"}],"wp:term":[{"taxonomy":"category","embeddable":true,"href":"https:\/\/www.lafresca.fm\/fresca-api-json\/wp\/v2\/categories?post=13849"},{"taxonomy":"post_tag","embeddable":true,"href":"https:\/\/www.lafresca.fm\/fresca-api-json\/wp\/v2\/tags?post=13849"}],"curies":[{"name":"wp","href":"https:\/\/api.w.org\/{rel}","templated":true}]}}