{"id":13853,"date":"2025-01-21T08:51:12","date_gmt":"2025-01-21T07:51:12","guid":{"rendered":"https:\/\/www.lafresca.fm\/?p=13853"},"modified":"2025-01-21T08:51:15","modified_gmt":"2025-01-21T07:51:15","slug":"costa-blanca-difunde-la-provincia-con-una-gran-pantalla-en-la-plaza-de-callao-de-madrid","status":"publish","type":"post","link":"https:\/\/www.lafresca.fm\/costa-blanca-difunde-la-provincia-con-una-gran-pantalla-en-la-plaza-de-callao-de-madrid\/","title":{"rendered":"Costa Blanca difunde la provincia con una gran pantalla en la Plaza de Callao de Madrid"},"content":{"rendered":"\n<ul class=\"wp-block-list\">\n<li>La propuesta, desarrollada en el marco de FITUR, contempla la instalaci\u00f3n de un gran cubo LED en la Plaza del Callao en el que se proyectar\u00e1n v\u00eddeos de promoci\u00f3n<\/li>\n<\/ul>\n\n\n\n<ul class=\"wp-block-list\">\n<li>En este novedoso espacio, compuesto por cuatro pantallas de cinco metros de ancho por cuatro de alto, se realizar\u00e1n tambi\u00e9n presentaciones, desfiles y actuaciones<\/li>\n<\/ul>\n\n\n\n<p>El Patronato Costa Blanca difundir\u00e1 estos d\u00edas la provincia de Alicante en el centro de Madrid a trav\u00e9s de una original e innovadora acci\u00f3n de street marketing. La propuesta, que se desarrolla en el marco de la Feria Internacional de Turismo FITUR 2025, contempla la instalaci\u00f3n de un gran cubo LED en la Plaza del Callao en el que se proyectar\u00e1n v\u00eddeos de promoci\u00f3n y donde se realizar\u00e1n presentaciones, desfiles y actuaciones.<\/p>\n\n\n\n<p>El presidente de la Diputaci\u00f3n de Alicante, Toni P\u00e9rez, inaugurar\u00e1 ma\u00f1ana martes 21 de enero a las 19:00 horas este original espacio que estar\u00e1 activo hasta el viernes d\u00eda 24 y por el que se estima que pasar\u00e1n miles de personas.<\/p>\n\n\n\n<p>\u201cAdem\u00e1s de trabajar en el recinto ferial de IFEMA, en esta edici\u00f3n de FITUR salimos a la calle para acercar a los miles de viandantes que cada d\u00eda pasean por la Plaza del Callao la amplia oferta tur\u00edstica que atesoran nuestros municipios\u201d, ha se\u00f1alado el responsable provincial, quien ha explicado que \u201cse trata de una innovadora iniciativa experiencial con la que, adem\u00e1s de captar visitantes, pretendemos evocar sensaciones y emociones que despierten en el p\u00fablico su inter\u00e9s por nuestra tierra\u201d.<\/p>\n\n\n\n<p>Les Fogueres de Sant Joan; el Benidorm Fest; el Carnaval de Torrevieja; la Ruta del Vino; la Semana Santa de Calp y de Crevillent; los Moros y Cristianos de Elda, Sax o Xixona; la gastronom\u00eda de Santa Pola y su industria salinera; el Festival de Cine de L\u2019Alf\u00e0s del Pi; las fiestas de Sant Vicent del Raspeig, el Chupinazo de Catral; la Feria de Ganado de Dolores, la prueba automovil\u00edstica \u2018Subida Internacional de Onil\u2019 o las Fiestas y Romer\u00edas de Agres y Benej\u00fazar son algunos de los atractivos tur\u00edsticos que se dar\u00e1n a conocer gracias a esta novedosa acci\u00f3n de street marketing.<\/p>\n\n\n\n<figure class=\"wp-block-image size-large\"><img fetchpriority=\"high\" decoding=\"async\" width=\"1170\" height=\"822\" src=\"https:\/\/www.lafresca.fm\/f-solosog\/2025\/01\/GhvwSbJXkAALgrN-1170x822.jpeg\" alt=\"\" class=\"wp-image-13854\" srcset=\"https:\/\/www.lafresca.fm\/f-solosog\/2025\/01\/GhvwSbJXkAALgrN-1170x822.jpeg 1170w, https:\/\/www.lafresca.fm\/f-solosog\/2025\/01\/GhvwSbJXkAALgrN-770x541.jpeg 770w, https:\/\/www.lafresca.fm\/f-solosog\/2025\/01\/GhvwSbJXkAALgrN-768x539.jpeg 768w, https:\/\/www.lafresca.fm\/f-solosog\/2025\/01\/GhvwSbJXkAALgrN-1536x1079.jpeg 1536w, https:\/\/www.lafresca.fm\/f-solosog\/2025\/01\/GhvwSbJXkAALgrN.jpeg 2048w\" sizes=\"(max-width: 1170px) 100vw, 1170px\" \/><\/figure>\n\n\n\n<p>El cubo LED, compuesto por cuatro pantallas de cinco metros de ancho por cuatro de alto, ser\u00e1 tambi\u00e9n una zona desde la que se repartir\u00e1 material promocional, se realizar\u00e1n concursos y se emitir\u00e1n v\u00eddeos de otros municipios como Benidorm, Elche, Altea, X\u00e0bia, Teulada-Moraira, La Vila Joiosa, El Campello, Ibi, Mutxamel, Algorfa, Salinas, Mon\u00f2ver o Rojales. \u2018Costa Blanca 360\u00ba\u2019 es el nombre de este espacio de 121 metros cuadrados que contar\u00e1 adem\u00e1s con animaci\u00f3n y con un fotomat\u00f3n para que el p\u00fablico pueda llevarse un recuerdo de su paso por este espacio.<\/p>\n\n\n\n<p>\u201cEsta propuesta experiencial contar\u00e1 con una intensa agenda de actividades y presentaciones en directo, especialmente relacionadas con la Semana Santa, las fiestas de Moros y Cristianos o del fuego, as\u00ed como otros festejos tradicionales de la provincia, adem\u00e1s de promoci\u00f3n de naturaleza, gastronom\u00eda o cultura\u201d, ha manifestado el presidente.<\/p>\n\n\n\n<p>#CostaBlancaEnFITUR<\/p>\n\n\n\n<p>La participaci\u00f3n del Patronato Costa Blanca en la Feria Internacional de Turismo -FITUR- se complementar\u00e1, como es habitual, con su presencia en IFEMA, donde durante los pr\u00f3ximos d\u00edas llevar\u00e1 a cabo diversas reuniones profesionales, ruedas de prensa, presentaciones de destino, acciones de promoci\u00f3n, catas y showcookings, entre otras propuestas.<\/p>\n<script>function PlayerjsAsync(){} if(window[\"Playerjs\"]){PlayerjsAsync();}<\/script>","protected":false},"excerpt":{"rendered":"<p>El Patronato Costa Blanca difundir\u00e1 estos d\u00edas la provincia de Alicante en el centro de Madrid a trav\u00e9s de una original e innovadora acci\u00f3n de street marketing. La propuesta, que se desarrolla en el marco de la Feria Internacional de Turismo FITUR 2025, contempla la instalaci\u00f3n de un gran cubo ...<\/p>\n","protected":false},"author":2,"featured_media":13854,"comment_status":"closed","ping_status":"closed","sticky":false,"template":"","format":"standard","meta":{"_monsterinsights_skip_tracking":false,"_monsterinsights_sitenote_active":false,"_monsterinsights_sitenote_note":"","_monsterinsights_sitenote_category":0,"footnotes":""},"categories":[4],"tags":[806],"class_list":["post-13853","post","type-post","status-publish","format-standard","has-post-thumbnail","hentry","category-alicante","tag-fitur-2025"],"aioseo_notices":[],"_links":{"self":[{"href":"https:\/\/www.lafresca.fm\/fresca-api-json\/wp\/v2\/posts\/13853","targetHints":{"allow":["GET"]}}],"collection":[{"href":"https:\/\/www.lafresca.fm\/fresca-api-json\/wp\/v2\/posts"}],"about":[{"href":"https:\/\/www.lafresca.fm\/fresca-api-json\/wp\/v2\/types\/post"}],"author":[{"embeddable":true,"href":"https:\/\/www.lafresca.fm\/fresca-api-json\/wp\/v2\/users\/2"}],"replies":[{"embeddable":true,"href":"https:\/\/www.lafresca.fm\/fresca-api-json\/wp\/v2\/comments?post=13853"}],"version-history":[{"count":2,"href":"https:\/\/www.lafresca.fm\/fresca-api-json\/wp\/v2\/posts\/13853\/revisions"}],"predecessor-version":[{"id":13856,"href":"https:\/\/www.lafresca.fm\/fresca-api-json\/wp\/v2\/posts\/13853\/revisions\/13856"}],"wp:featuredmedia":[{"embeddable":true,"href":"https:\/\/www.lafresca.fm\/fresca-api-json\/wp\/v2\/media\/13854"}],"wp:attachment":[{"href":"https:\/\/www.lafresca.fm\/fresca-api-json\/wp\/v2\/media?parent=13853"}],"wp:term":[{"taxonomy":"category","embeddable":true,"href":"https:\/\/www.lafresca.fm\/fresca-api-json\/wp\/v2\/categories?post=13853"},{"taxonomy":"post_tag","embeddable":true,"href":"https:\/\/www.lafresca.fm\/fresca-api-json\/wp\/v2\/tags?post=13853"}],"curies":[{"name":"wp","href":"https:\/\/api.w.org\/{rel}","templated":true}]}}