{"id":13865,"date":"2025-01-22T18:30:00","date_gmt":"2025-01-22T17:30:00","guid":{"rendered":"https:\/\/www.lafresca.fm\/?p=13865"},"modified":"2025-01-23T08:56:03","modified_gmt":"2025-01-23T07:56:03","slug":"onil-presenta-en-madrid-la-subida-internacional-a-onil-y-la-feria-de-onil-es-mostra-2025","status":"publish","type":"post","link":"https:\/\/www.lafresca.fm\/onil-presenta-en-madrid-la-subida-internacional-a-onil-y-la-feria-de-onil-es-mostra-2025\/","title":{"rendered":"Onil presenta en Madrid la &#8220;Subida Internacional a Onil&#8221; y la feria de &#8220;Onil es Mostra&#8221; 2025"},"content":{"rendered":"\n<p>Este mi\u00e9rcoles 22 de enero, en la emblem\u00e1tica Plaza de Callao de Madrid y dentro de los actos programados en FITUR, Onil presentaba la &#8220;<strong>Subida Internacional a Onil<\/strong>&#8220;, un evento automovil\u00edstico y deportivo de gran relevancia internacional.<\/p>\n\n\n\n<p>Durante el acto, se anunciaron las fechas de la pr\u00f3xima edici\u00f3n, que se celebrar\u00e1 los d\u00edas 25, 26 y 27 de septiembre de 2025.<\/p>\n\n\n\n<figure class=\"wp-block-image size-large\"><img fetchpriority=\"high\" decoding=\"async\" width=\"1170\" height=\"878\" src=\"https:\/\/www.lafresca.fm\/f-solosog\/2025\/01\/474619435_914001104279164_6545719987534591194_n-1170x878.jpg\" alt=\"\" class=\"wp-image-13879\" srcset=\"https:\/\/www.lafresca.fm\/f-solosog\/2025\/01\/474619435_914001104279164_6545719987534591194_n-1170x878.jpg 1170w, https:\/\/www.lafresca.fm\/f-solosog\/2025\/01\/474619435_914001104279164_6545719987534591194_n-770x578.jpg 770w, https:\/\/www.lafresca.fm\/f-solosog\/2025\/01\/474619435_914001104279164_6545719987534591194_n-768x576.jpg 768w, https:\/\/www.lafresca.fm\/f-solosog\/2025\/01\/474619435_914001104279164_6545719987534591194_n-1536x1152.jpg 1536w, https:\/\/www.lafresca.fm\/f-solosog\/2025\/01\/474619435_914001104279164_6545719987534591194_n.jpg 2000w\" sizes=\"(max-width: 1170px) 100vw, 1170px\" \/><\/figure>\n\n\n\n<p>Este evento automovil\u00edstico, de gran relevancia en el panorama deportivo, fue celebrado en Onil en 2024, convirti\u00e9ndose en un \u00e9xito rotundo tanto en organizaci\u00f3n como en participaci\u00f3n y asistencia. La &#8220;Subida Internacional a Onil&#8221; re\u00fane a apasionados del motor y deportistas de \u00e9lite, consolid\u00e1ndose como una cita imprescindible para los amantes de la velocidad y la competici\u00f3n.<\/p>\n\n\n\n<p>En su presentaci\u00f3n en Madrid, el Ayuntamiento de Onil destac\u00f3 las principales novedades y mejoras previstas para la edici\u00f3n de 2025, con el objetivo de superar las expectativas y continuar posicionando este evento como un referente en el calendario deportivo internacional. Durante el acto, se proyect\u00f3 un v\u00eddeo promocional de la prueba, adem\u00e1s de contar con la presencia de representantes del Club Autom\u00f3vil de Alicante, los cuales comentaron las partes m\u00e1s t\u00e9cnicas del evento.<\/p>\n\n\n\n<figure class=\"wp-block-image size-large\"><img decoding=\"async\" width=\"1170\" height=\"878\" src=\"https:\/\/www.lafresca.fm\/f-solosog\/2025\/01\/Onil-Fitur-1170x878.jpg\" alt=\"\" class=\"wp-image-13867\" srcset=\"https:\/\/www.lafresca.fm\/f-solosog\/2025\/01\/Onil-Fitur-1170x878.jpg 1170w, https:\/\/www.lafresca.fm\/f-solosog\/2025\/01\/Onil-Fitur-770x578.jpg 770w, https:\/\/www.lafresca.fm\/f-solosog\/2025\/01\/Onil-Fitur-768x576.jpg 768w, https:\/\/www.lafresca.fm\/f-solosog\/2025\/01\/Onil-Fitur.jpg 1440w\" sizes=\"(max-width: 1170px) 100vw, 1170px\" \/><\/figure>\n\n\n\n<p>Asimismo, durante la presentaci\u00f3n, se dio a conocer que ese mismo fin de semana tendr\u00e1 lugar la feria &#8220;Onil es Mostra&#8221;, un evento cultural y comercial que complementar\u00e1 a la subida. Esta feria ofrecer\u00e1 una amplia variedad de actividades, productos locales y atractivos tur\u00edsticos para enriquecer la experiencia de los visitantes.<\/p>\n\n\n\n<p>La Plaza de Callao se convirti\u00f3 en un escenario perfecto para promocionar este gran acontecimiento, atrayendo la atenci\u00f3n de numerosos asistentes y medios de comunicaci\u00f3n que pudieron conocer m\u00e1s sobre la historia, la organizaci\u00f3n y el impacto positivo de la &#8220;Subida Internacional a Onil&#8221; en la proyecci\u00f3n tur\u00edstica de la localidad.<\/p>\n\n\n\n<figure class=\"wp-block-gallery has-nested-images columns-default is-cropped wp-block-gallery-1 is-layout-flex wp-block-gallery-is-layout-flex\">\n<figure class=\"wp-block-image size-large\"><img decoding=\"async\" width=\"1170\" height=\"780\" data-id=\"13870\" src=\"https:\/\/www.lafresca.fm\/f-solosog\/2025\/01\/subida-onil-24-1-1170x780.jpg\" alt=\"\" class=\"wp-image-13870\" srcset=\"https:\/\/www.lafresca.fm\/f-solosog\/2025\/01\/subida-onil-24-1-1170x780.jpg 1170w, https:\/\/www.lafresca.fm\/f-solosog\/2025\/01\/subida-onil-24-1-770x513.jpg 770w, https:\/\/www.lafresca.fm\/f-solosog\/2025\/01\/subida-onil-24-1-768x512.jpg 768w, https:\/\/www.lafresca.fm\/f-solosog\/2025\/01\/subida-onil-24-1-1536x1024.jpg 1536w, https:\/\/www.lafresca.fm\/f-solosog\/2025\/01\/subida-onil-24-1.jpg 2048w\" sizes=\"(max-width: 1170px) 100vw, 1170px\" \/><\/figure>\n\n\n\n<figure class=\"wp-block-image size-large\"><img loading=\"lazy\" decoding=\"async\" width=\"1170\" height=\"780\" data-id=\"13871\" src=\"https:\/\/www.lafresca.fm\/f-solosog\/2025\/01\/subida-onil-24-2-1170x780.jpg\" alt=\"\" class=\"wp-image-13871\" srcset=\"https:\/\/www.lafresca.fm\/f-solosog\/2025\/01\/subida-onil-24-2-1170x780.jpg 1170w, https:\/\/www.lafresca.fm\/f-solosog\/2025\/01\/subida-onil-24-2-770x513.jpg 770w, https:\/\/www.lafresca.fm\/f-solosog\/2025\/01\/subida-onil-24-2-768x512.jpg 768w, https:\/\/www.lafresca.fm\/f-solosog\/2025\/01\/subida-onil-24-2-1536x1024.jpg 1536w, https:\/\/www.lafresca.fm\/f-solosog\/2025\/01\/subida-onil-24-2.jpg 2048w\" sizes=\"(max-width: 1170px) 100vw, 1170px\" \/><\/figure>\n<\/figure>\n\n\n\n<p>Adem\u00e1s, el municipio aprovech\u00f3 su presencia en FITUR para promocionar su rica oferta cultural, industrial y gastron\u00f3mica, dejando claro que Onil no solo es un referente en eventos deportivos, sino tambi\u00e9n un destino tur\u00edstico completo y diverso.<\/p>\n\n\n\n<p>Con esta presentaci\u00f3n, Onil consolida su apuesta por el turismo deportivo como un pilar estrat\u00e9gico para su desarrollo, reforzando su identidad y atractivo en el panorama nacional e internacional.<\/p>\n<script>function PlayerjsAsync(){} if(window[\"Playerjs\"]){PlayerjsAsync();}<\/script>","protected":false},"excerpt":{"rendered":"<p>Este mi\u00e9rcoles 22 de enero, en la emblem\u00e1tica Plaza de Callao de Madrid y dentro de los actos programados en FITUR, Onil presentaba la &#8220;Subida Internacional a Onil&#8220;, un evento automovil\u00edstico y deportivo de gran relevancia internacional. Durante el acto, se anunciaron las fechas de la pr\u00f3xima edici\u00f3n, que se ...<\/p>\n","protected":false},"author":2,"featured_media":13879,"comment_status":"closed","ping_status":"closed","sticky":false,"template":"","format":"standard","meta":{"_monsterinsights_skip_tracking":false,"_monsterinsights_sitenote_active":false,"_monsterinsights_sitenote_note":"","_monsterinsights_sitenote_category":0,"footnotes":""},"categories":[4],"tags":[806,133],"class_list":["post-13865","post","type-post","status-publish","format-standard","has-post-thumbnail","hentry","category-alicante","tag-fitur-2025","tag-onil"],"aioseo_notices":[],"_links":{"self":[{"href":"https:\/\/www.lafresca.fm\/fresca-api-json\/wp\/v2\/posts\/13865","targetHints":{"allow":["GET"]}}],"collection":[{"href":"https:\/\/www.lafresca.fm\/fresca-api-json\/wp\/v2\/posts"}],"about":[{"href":"https:\/\/www.lafresca.fm\/fresca-api-json\/wp\/v2\/types\/post"}],"author":[{"embeddable":true,"href":"https:\/\/www.lafresca.fm\/fresca-api-json\/wp\/v2\/users\/2"}],"replies":[{"embeddable":true,"href":"https:\/\/www.lafresca.fm\/fresca-api-json\/wp\/v2\/comments?post=13865"}],"version-history":[{"count":4,"href":"https:\/\/www.lafresca.fm\/fresca-api-json\/wp\/v2\/posts\/13865\/revisions"}],"predecessor-version":[{"id":13881,"href":"https:\/\/www.lafresca.fm\/fresca-api-json\/wp\/v2\/posts\/13865\/revisions\/13881"}],"wp:featuredmedia":[{"embeddable":true,"href":"https:\/\/www.lafresca.fm\/fresca-api-json\/wp\/v2\/media\/13879"}],"wp:attachment":[{"href":"https:\/\/www.lafresca.fm\/fresca-api-json\/wp\/v2\/media?parent=13865"}],"wp:term":[{"taxonomy":"category","embeddable":true,"href":"https:\/\/www.lafresca.fm\/fresca-api-json\/wp\/v2\/categories?post=13865"},{"taxonomy":"post_tag","embeddable":true,"href":"https:\/\/www.lafresca.fm\/fresca-api-json\/wp\/v2\/tags?post=13865"}],"curies":[{"name":"wp","href":"https:\/\/api.w.org\/{rel}","templated":true}]}}