{"id":13890,"date":"2025-01-23T10:12:13","date_gmt":"2025-01-23T09:12:13","guid":{"rendered":"https:\/\/www.lafresca.fm\/?p=13890"},"modified":"2025-01-23T10:12:16","modified_gmt":"2025-01-23T09:12:16","slug":"la-subida-internacional-de-onil-pondra-el-broche-final-al-cem-autohebdo-sport-2025","status":"publish","type":"post","link":"https:\/\/www.lafresca.fm\/la-subida-internacional-de-onil-pondra-el-broche-final-al-cem-autohebdo-sport-2025\/","title":{"rendered":"La Subida Internacional de Onil pondr\u00e1 el broche final al CEM AUTOhebdo Sport 2025"},"content":{"rendered":"\n<p><strong>Onil presenta en Madrid la &#8220;Subida Internacional de Onil&#8221;<\/strong><\/p>\n\n\n\n<p>El mi\u00e9rcoles 22 de enero, en la emblem\u00e1tica Plaza de Callao de Madrid y dentro de los actos programados en FITUR, Onil present\u00f3 la &#8220;Subida Internacional de Onil&#8221;, un evento automovil\u00edstico y deportivo de gran relevancia internacional. Durante el acto, se anunciaron las fechas de la pr\u00f3xima edici\u00f3n, que se celebrar\u00e1 los d\u00edas 25, 26 y 27 de septiembre de 2025.<\/p>\n\n\n\n<p>La prueba valenciana cerrar\u00e1 el calendario 2025 del Campeonato de Espa\u00f1a de Monta\u00f1a CEM AUTOhebdo SPORT, certamen que contar\u00e1 con seis pruebas puntuables y que se ha consolidado como el campeonato nacional con mayor audiencia en sus retransmisiones en directo, un proyecto impulsado por AUTOhebdo SPORT desde 2023 que ha logrado captar la atenci\u00f3n de miles de aficionados.<\/p>\n\n\n\n<figure class=\"wp-block-image size-full\"><img fetchpriority=\"high\" decoding=\"async\" width=\"1000\" height=\"1041\" src=\"https:\/\/www.lafresca.fm\/f-solosog\/2025\/01\/cartel-subida-internacional-onil-2025.jpeg\" alt=\"\" class=\"wp-image-13891\" srcset=\"https:\/\/www.lafresca.fm\/f-solosog\/2025\/01\/cartel-subida-internacional-onil-2025.jpeg 1000w, https:\/\/www.lafresca.fm\/f-solosog\/2025\/01\/cartel-subida-internacional-onil-2025-740x770.jpeg 740w, https:\/\/www.lafresca.fm\/f-solosog\/2025\/01\/cartel-subida-internacional-onil-2025-768x799.jpeg 768w\" sizes=\"(max-width: 1000px) 100vw, 1000px\" \/><\/figure>\n\n\n\n<p>En su presentaci\u00f3n en Madrid, el Ayuntamiento de Onil destac\u00f3 las principales novedades y mejoras previstas para la edici\u00f3n de 2025, con el objetivo de superar las expectativas y continuar posicionando este evento como un referente en el calendario deportivo internacional. Durante el acto, se proyect\u00f3 un video promocional de la prueba, adem\u00e1s de contar con la presencia de representantes del Club Autom\u00f3vil de Alicante, Enrique Mattes, Presidente del Autom\u00f3vil Club de Alicante, Manuel S\u00e1nchez, Director de la Subida Internacional de Onil, y Jos\u00e9 Vicente Medina, Vicepresidente de la Real Federaci\u00f3n Espa\u00f1ola de Automovilismo los cuales comentaron las partes m\u00e1s t\u00e9cnicas del evento. En la presentaci\u00f3n, tambi\u00e9n contamos con Don Jaume Berenguer, alcalde de Onil y Don Rub\u00e9n Garrido, concejal de deportes, adem\u00e1s de Mar\u00eda Lanz\u00f3n, directora comercial y de marketing del Grupo Autohebdo Sport.<\/p>\n\n\n\n<p>Asimismo, durante la presentaci\u00f3n, los representantes de Onil, dieron a conocer que ese mismo fin de semana tendr\u00e1 lugar la feria &#8220;Onil es Mostra&#8221;, un evento cultural y comercial que complementar\u00e1 a la subida. Esta feria ofrecer\u00e1 una amplia variedad de actividades, productos locales y atractivos tur\u00edsticos para enriquecer la experiencia de los visitantes. En la edici\u00f3n 2024, deporte, ocio y cultura, se unieron para conseguir que miles de visitantes disfrutaran de un fin de semana \u00fanico e inolvidable.<\/p>\n\n\n\n<p>La Plaza de Callao se convirti\u00f3 en un escenario perfecto para promocionar este gran acontecimiento, atrayendo la atenci\u00f3n de numerosos asistentes y medios de comunicaci\u00f3n que pudieron conocer m\u00e1s sobre la historia, la organizaci\u00f3n y el impacto positivo de la &#8220;Subida Internacional a Onil&#8221; en la proyecci\u00f3n tur\u00edstica de la localidad.<\/p>\n\n\n\n<p>Adem\u00e1s, el municipio aprovech\u00f3 su presencia en FITUR para promocionar su rica oferta cultural, industrial y gastron\u00f3mica, dejando claro que Onil no solo es un referente en eventos deportivos, sino tambi\u00e9n un destino tur\u00edstico completo y diverso.<\/p>\n\n\n\n<p>Con esta presentaci\u00f3n, Onil consolida su apuesta por el turismo deportivo como un pilar estrat\u00e9gico para su desarrollo, reforzando su identidad y atractivo en el panorama nacional e internacional.<\/p>\n\n\n\n<figure class=\"wp-block-image size-large\"><img decoding=\"async\" width=\"1170\" height=\"878\" src=\"https:\/\/www.lafresca.fm\/f-solosog\/2025\/01\/474619435_914001104279164_6545719987534591194_n-1170x878.jpg\" alt=\"\" class=\"wp-image-13879\" srcset=\"https:\/\/www.lafresca.fm\/f-solosog\/2025\/01\/474619435_914001104279164_6545719987534591194_n-1170x878.jpg 1170w, https:\/\/www.lafresca.fm\/f-solosog\/2025\/01\/474619435_914001104279164_6545719987534591194_n-770x578.jpg 770w, https:\/\/www.lafresca.fm\/f-solosog\/2025\/01\/474619435_914001104279164_6545719987534591194_n-768x576.jpg 768w, https:\/\/www.lafresca.fm\/f-solosog\/2025\/01\/474619435_914001104279164_6545719987534591194_n-1536x1152.jpg 1536w, https:\/\/www.lafresca.fm\/f-solosog\/2025\/01\/474619435_914001104279164_6545719987534591194_n.jpg 2000w\" sizes=\"(max-width: 1170px) 100vw, 1170px\" \/><\/figure>\n<script>function PlayerjsAsync(){} if(window[\"Playerjs\"]){PlayerjsAsync();}<\/script>","protected":false},"excerpt":{"rendered":"<p>Onil presenta en Madrid la &#8220;Subida Internacional de Onil&#8221; El mi\u00e9rcoles 22 de enero, en la emblem\u00e1tica Plaza de Callao de Madrid y dentro de los actos programados en FITUR, Onil present\u00f3 la &#8220;Subida Internacional de Onil&#8221;, un evento automovil\u00edstico y deportivo de gran relevancia internacional. Durante el acto, se ...<\/p>\n","protected":false},"author":2,"featured_media":13891,"comment_status":"closed","ping_status":"closed","sticky":false,"template":"","format":"standard","meta":{"_monsterinsights_skip_tracking":false,"_monsterinsights_sitenote_active":false,"_monsterinsights_sitenote_note":"","_monsterinsights_sitenote_category":0,"footnotes":""},"categories":[4],"tags":[133],"class_list":["post-13890","post","type-post","status-publish","format-standard","has-post-thumbnail","hentry","category-alicante","tag-onil"],"aioseo_notices":[],"_links":{"self":[{"href":"https:\/\/www.lafresca.fm\/fresca-api-json\/wp\/v2\/posts\/13890","targetHints":{"allow":["GET"]}}],"collection":[{"href":"https:\/\/www.lafresca.fm\/fresca-api-json\/wp\/v2\/posts"}],"about":[{"href":"https:\/\/www.lafresca.fm\/fresca-api-json\/wp\/v2\/types\/post"}],"author":[{"embeddable":true,"href":"https:\/\/www.lafresca.fm\/fresca-api-json\/wp\/v2\/users\/2"}],"replies":[{"embeddable":true,"href":"https:\/\/www.lafresca.fm\/fresca-api-json\/wp\/v2\/comments?post=13890"}],"version-history":[{"count":2,"href":"https:\/\/www.lafresca.fm\/fresca-api-json\/wp\/v2\/posts\/13890\/revisions"}],"predecessor-version":[{"id":13893,"href":"https:\/\/www.lafresca.fm\/fresca-api-json\/wp\/v2\/posts\/13890\/revisions\/13893"}],"wp:featuredmedia":[{"embeddable":true,"href":"https:\/\/www.lafresca.fm\/fresca-api-json\/wp\/v2\/media\/13891"}],"wp:attachment":[{"href":"https:\/\/www.lafresca.fm\/fresca-api-json\/wp\/v2\/media?parent=13890"}],"wp:term":[{"taxonomy":"category","embeddable":true,"href":"https:\/\/www.lafresca.fm\/fresca-api-json\/wp\/v2\/categories?post=13890"},{"taxonomy":"post_tag","embeddable":true,"href":"https:\/\/www.lafresca.fm\/fresca-api-json\/wp\/v2\/tags?post=13890"}],"curies":[{"name":"wp","href":"https:\/\/api.w.org\/{rel}","templated":true}]}}