{"id":13904,"date":"2025-01-23T16:19:34","date_gmt":"2025-01-23T15:19:34","guid":{"rendered":"https:\/\/www.lafresca.fm\/?p=13904"},"modified":"2025-01-23T16:24:55","modified_gmt":"2025-01-23T15:24:55","slug":"escucha-el-programa-especial-fitur-2025-onil-ibi-castalla-y-biar","status":"publish","type":"post","link":"https:\/\/www.lafresca.fm\/escucha-el-programa-especial-fitur-2025-onil-ibi-castalla-y-biar\/","title":{"rendered":"Escucha el programa especial FITUR 2025: Onil, Ibi, Castalla y Biar"},"content":{"rendered":"\n<p>En la jornada de este mi\u00e9rcoles 22 de enero, los micr\u00f3fonos de<strong> laFRESCA <\/strong>se desplazaban hasta las instalaciones de <strong>IFEMA<\/strong> en Madrid, para asistir a una nueva edici\u00f3n de<strong> FITUR<\/strong>, la Feria de Turismo m\u00e1s importante del Pa\u00eds.<\/p>\n\n\n\n<p>Entre las propuestas, destacan las ofrecidas por las localidades de nuestra comarca bajo el abanico de Costa Blanca.<\/p>\n\n\n\n<p><strong>Onil<\/strong> ha presentado la &#8220;<strong>Subida Internacional a Onil<\/strong>&#8221; y la Feria &#8220;<strong>Onil es Mostra<\/strong>&#8221; en la Plaza de Callao y en las instalaciones de IFEMA. Para ello hemos hablado con Jaume Berenguer, alcalde de Onil y Rub\u00e9n Garrido, concejal de turismo.<\/p>\n\n\n\n<p>Las localidades de Ibi, Castalla y Biar, tambi\u00e9n son protagonistas en este gran escaparate del turismo. <\/p>\n\n\n\n<p>Jes\u00fas L\u00f3pez Blanco, alcalde de Castalla, nos habla de la propuesta que llevan este a\u00f1o. Por su parte, la localidad de Ibi est\u00e1 representada por Lara Ayala y Elio Verd\u00fa, concejales en el ayuntamiento ibense. En el caso de Biar, su alcaldesa Magdalena Mart\u00ednez ha sido la que ha dado ha conocer la nueva p\u00e1gina web de turismo de su localidad<\/p>\n\n\n\n<figure class=\"wp-block-audio\"><audio controls src=\"https:\/\/www.lafresca.fm\/f-solosog\/2025\/01\/Entrevista-Especial-Fitur-23125.mp3\"><\/audio><\/figure>\n\n\n\n<figure class=\"wp-block-image size-large\"><img fetchpriority=\"high\" decoding=\"async\" width=\"1170\" height=\"662\" src=\"https:\/\/www.lafresca.fm\/f-solosog\/2025\/01\/473984220_1027403016085768_5258233823347666091_n-1170x662.jpg\" alt=\"\" class=\"wp-image-13883\" srcset=\"https:\/\/www.lafresca.fm\/f-solosog\/2025\/01\/473984220_1027403016085768_5258233823347666091_n-1170x662.jpg 1170w, https:\/\/www.lafresca.fm\/f-solosog\/2025\/01\/473984220_1027403016085768_5258233823347666091_n-770x435.jpg 770w, https:\/\/www.lafresca.fm\/f-solosog\/2025\/01\/473984220_1027403016085768_5258233823347666091_n-768x434.jpg 768w, https:\/\/www.lafresca.fm\/f-solosog\/2025\/01\/473984220_1027403016085768_5258233823347666091_n-1536x869.jpg 1536w, https:\/\/www.lafresca.fm\/f-solosog\/2025\/01\/473984220_1027403016085768_5258233823347666091_n.jpg 2048w\" sizes=\"(max-width: 1170px) 100vw, 1170px\" \/><\/figure>\n\n\n\n<figure class=\"wp-block-image size-large\"><img decoding=\"async\" width=\"1170\" height=\"1170\" src=\"https:\/\/www.lafresca.fm\/f-solosog\/2025\/01\/fitur-2025-2-1170x1170.jpg\" alt=\"\" class=\"wp-image-13907\" srcset=\"https:\/\/www.lafresca.fm\/f-solosog\/2025\/01\/fitur-2025-2-1170x1170.jpg 1170w, https:\/\/www.lafresca.fm\/f-solosog\/2025\/01\/fitur-2025-2-770x770.jpg 770w, https:\/\/www.lafresca.fm\/f-solosog\/2025\/01\/fitur-2025-2-150x150.jpg 150w, https:\/\/www.lafresca.fm\/f-solosog\/2025\/01\/fitur-2025-2-768x768.jpg 768w, https:\/\/www.lafresca.fm\/f-solosog\/2025\/01\/fitur-2025-2-100x100.jpg 100w, https:\/\/www.lafresca.fm\/f-solosog\/2025\/01\/fitur-2025-2-370x370.jpg 370w, https:\/\/www.lafresca.fm\/f-solosog\/2025\/01\/fitur-2025-2.jpg 1440w\" sizes=\"(max-width: 1170px) 100vw, 1170px\" \/><\/figure>\n\n\n\n<figure class=\"wp-block-image size-large\"><img decoding=\"async\" width=\"1170\" height=\"1170\" src=\"https:\/\/www.lafresca.fm\/f-solosog\/2025\/01\/fitur-2025-1170x1170.jpg\" alt=\"\" class=\"wp-image-13906\" srcset=\"https:\/\/www.lafresca.fm\/f-solosog\/2025\/01\/fitur-2025-1170x1170.jpg 1170w, https:\/\/www.lafresca.fm\/f-solosog\/2025\/01\/fitur-2025-770x770.jpg 770w, https:\/\/www.lafresca.fm\/f-solosog\/2025\/01\/fitur-2025-150x150.jpg 150w, https:\/\/www.lafresca.fm\/f-solosog\/2025\/01\/fitur-2025-768x768.jpg 768w, https:\/\/www.lafresca.fm\/f-solosog\/2025\/01\/fitur-2025-100x100.jpg 100w, https:\/\/www.lafresca.fm\/f-solosog\/2025\/01\/fitur-2025-370x370.jpg 370w, https:\/\/www.lafresca.fm\/f-solosog\/2025\/01\/fitur-2025.jpg 1440w\" sizes=\"(max-width: 1170px) 100vw, 1170px\" \/><\/figure>\n\n\n\n<figure class=\"wp-block-image size-large\"><img loading=\"lazy\" decoding=\"async\" width=\"1170\" height=\"1170\" src=\"https:\/\/www.lafresca.fm\/f-solosog\/2025\/01\/fitur-2025-4-1170x1170.jpg\" alt=\"\" class=\"wp-image-13913\" srcset=\"https:\/\/www.lafresca.fm\/f-solosog\/2025\/01\/fitur-2025-4-1170x1170.jpg 1170w, https:\/\/www.lafresca.fm\/f-solosog\/2025\/01\/fitur-2025-4-770x770.jpg 770w, https:\/\/www.lafresca.fm\/f-solosog\/2025\/01\/fitur-2025-4-150x150.jpg 150w, https:\/\/www.lafresca.fm\/f-solosog\/2025\/01\/fitur-2025-4-768x768.jpg 768w, https:\/\/www.lafresca.fm\/f-solosog\/2025\/01\/fitur-2025-4-100x100.jpg 100w, https:\/\/www.lafresca.fm\/f-solosog\/2025\/01\/fitur-2025-4-370x370.jpg 370w, https:\/\/www.lafresca.fm\/f-solosog\/2025\/01\/fitur-2025-4.jpg 1440w\" sizes=\"(max-width: 1170px) 100vw, 1170px\" \/><\/figure>\n\n\n\n<figure class=\"wp-block-image size-large\"><img loading=\"lazy\" decoding=\"async\" width=\"1170\" height=\"1170\" src=\"https:\/\/www.lafresca.fm\/f-solosog\/2025\/01\/474216982_17893477782113802_3616189254378214940_n-1170x1170.jpg\" alt=\"\" class=\"wp-image-13910\" srcset=\"https:\/\/www.lafresca.fm\/f-solosog\/2025\/01\/474216982_17893477782113802_3616189254378214940_n-1170x1170.jpg 1170w, https:\/\/www.lafresca.fm\/f-solosog\/2025\/01\/474216982_17893477782113802_3616189254378214940_n-770x770.jpg 770w, https:\/\/www.lafresca.fm\/f-solosog\/2025\/01\/474216982_17893477782113802_3616189254378214940_n-150x150.jpg 150w, https:\/\/www.lafresca.fm\/f-solosog\/2025\/01\/474216982_17893477782113802_3616189254378214940_n-768x768.jpg 768w, https:\/\/www.lafresca.fm\/f-solosog\/2025\/01\/474216982_17893477782113802_3616189254378214940_n-100x100.jpg 100w, https:\/\/www.lafresca.fm\/f-solosog\/2025\/01\/474216982_17893477782113802_3616189254378214940_n-370x370.jpg 370w, https:\/\/www.lafresca.fm\/f-solosog\/2025\/01\/474216982_17893477782113802_3616189254378214940_n.jpg 1440w\" sizes=\"(max-width: 1170px) 100vw, 1170px\" \/><\/figure>\n<script>function PlayerjsAsync(){} if(window[\"Playerjs\"]){PlayerjsAsync();}<\/script>","protected":false},"excerpt":{"rendered":"<p>En la jornada de este mi\u00e9rcoles 22 de enero, los micr\u00f3fonos de laFRESCA se desplazaban hasta las instalaciones de IFEMA en Madrid, para asistir a una nueva edici\u00f3n de FITUR, la Feria de Turismo m\u00e1s importante del Pa\u00eds. Entre las propuestas, destacan las ofrecidas por las localidades de nuestra comarca ...<\/p>\n","protected":false},"author":2,"featured_media":13883,"comment_status":"closed","ping_status":"closed","sticky":false,"template":"","format":"standard","meta":{"_monsterinsights_skip_tracking":false,"_monsterinsights_sitenote_active":false,"_monsterinsights_sitenote_note":"","_monsterinsights_sitenote_category":0,"footnotes":""},"categories":[4],"tags":[],"class_list":["post-13904","post","type-post","status-publish","format-standard","has-post-thumbnail","hentry","category-alicante"],"aioseo_notices":[],"_links":{"self":[{"href":"https:\/\/www.lafresca.fm\/fresca-api-json\/wp\/v2\/posts\/13904","targetHints":{"allow":["GET"]}}],"collection":[{"href":"https:\/\/www.lafresca.fm\/fresca-api-json\/wp\/v2\/posts"}],"about":[{"href":"https:\/\/www.lafresca.fm\/fresca-api-json\/wp\/v2\/types\/post"}],"author":[{"embeddable":true,"href":"https:\/\/www.lafresca.fm\/fresca-api-json\/wp\/v2\/users\/2"}],"replies":[{"embeddable":true,"href":"https:\/\/www.lafresca.fm\/fresca-api-json\/wp\/v2\/comments?post=13904"}],"version-history":[{"count":3,"href":"https:\/\/www.lafresca.fm\/fresca-api-json\/wp\/v2\/posts\/13904\/revisions"}],"predecessor-version":[{"id":13915,"href":"https:\/\/www.lafresca.fm\/fresca-api-json\/wp\/v2\/posts\/13904\/revisions\/13915"}],"wp:featuredmedia":[{"embeddable":true,"href":"https:\/\/www.lafresca.fm\/fresca-api-json\/wp\/v2\/media\/13883"}],"wp:attachment":[{"href":"https:\/\/www.lafresca.fm\/fresca-api-json\/wp\/v2\/media?parent=13904"}],"wp:term":[{"taxonomy":"category","embeddable":true,"href":"https:\/\/www.lafresca.fm\/fresca-api-json\/wp\/v2\/categories?post=13904"},{"taxonomy":"post_tag","embeddable":true,"href":"https:\/\/www.lafresca.fm\/fresca-api-json\/wp\/v2\/tags?post=13904"}],"curies":[{"name":"wp","href":"https:\/\/api.w.org\/{rel}","templated":true}]}}