{"id":13930,"date":"2025-01-28T11:56:31","date_gmt":"2025-01-28T10:56:31","guid":{"rendered":"https:\/\/www.lafresca.fm\/?p=13930"},"modified":"2025-01-28T11:56:33","modified_gmt":"2025-01-28T10:56:33","slug":"xxix-mostra-de-teatre-amateur-vila-dibi-los-dias-7-8-9-21-y-22-de-febrero-en-el-centre-cultural-salvador-miro","status":"publish","type":"post","link":"https:\/\/www.lafresca.fm\/xxix-mostra-de-teatre-amateur-vila-dibi-los-dias-7-8-9-21-y-22-de-febrero-en-el-centre-cultural-salvador-miro\/","title":{"rendered":"XXIX Mostra de Teatre Amateur Vila d&#8217;Ibi los d\u00edas 7, 8, 9, 21 y 22 de febrero en el Centre Cultural Salvador Mir\u00f3"},"content":{"rendered":"\n<ul class=\"wp-block-list\">\n<li>Se celebrar\u00e1 los d\u00edas 7, 8, 9, 21 y 22 de febrero en el Centre Cultural Salvador Mir\u00f3.<\/li>\n<\/ul>\n\n\n\n<p>El Ayuntamiento de Ibi y el Centro Cultural Salvador Mir\u00f3, en colaboraci\u00f3n con la Federaci\u00f3n de Teatro Amateur de la Comunidad Valenciana, el Instituto Valenciano de Cultura y las agrupaciones locales Grupo Teatral \u201cFont Viva\u201d, Ayusteatro y Asociaci\u00f3n Cultural de Teatro \u201cNi pa hui ni pa dem\u00e0\u201d, organizan este certamen cultural que se celebrar\u00e1 en Ibi los d\u00edas 7, 8, 9, 21 y 22 de febrero.<\/p>\n\n\n\n<p>La Mostra de Teatre Amateur Vila d&#8217;Ibi celebra su edici\u00f3n n\u00famero 29 con una cartelera teatral, de nuevo, espectacular, con la que el la concejal\u00eda de Cultura del Ayuntamiento de Ibi emplaza a los amantes de las artes esc\u00e9nicas a disfrutar del certamen. Cinco compa\u00f1\u00edas y grupos de teatro procedentes de Madrid, Valencia y Tarragona pondr\u00e1n en escena las obras seleccionadas para participar en el certamen que tendr\u00e1 lugar en el escenario del Centro Cultural Salvador Mir\u00f3. El precio de la entrada para cada una de las obras es de 5 \u20ac y est\u00e1n a la venta en el Centro Cultural en horario de 9:30h a 13:30h y de 15:30h a 21:00h. El d\u00eda de la obra se abrir\u00e1 la taquilla una hora antes de la funci\u00f3n.<\/p>\n\n\n\n<p>La programaci\u00f3n dar\u00e1 comienzo el viernes 7 de octubre, a las 22:00 h, con \u201cSenectude\u201d, la propuesta que presentar\u00e1 Druida Teatro (Alcobendas, Madrid). El s\u00e1bado, 8 de febrero, a las 19:30 h, la compa\u00f1\u00eda Lluna Plena Teatro (Sueca, Valencia) presenta \u201cUna carretera sense arbres\u201d y el domingo 9, la agrupaci\u00f3n esc\u00e9nica Enrique Rambal (Utiel, Valencia) actuar\u00e1 sobre el escenario con la obra \u201cPerfectos desconocidos\u201d, a las 19:30 h.<\/p>\n\n\n\n<p>El viernes 21 de febrero, la compa\u00f1\u00eda Antagonista Teatro (Tarragona) interpretar\u00e1 la obra \u201cLos centros de Lorca\u201d, a las 22:00 h, y el s\u00e1bado 22 de febrero, a las 19:30 h, Maru-Jasp Teatro presentar\u00e1 \u201cEl manual de la buena esposa\u201d.<\/p>\n\n\n\n<p>El acto de entrega de premios del certamen se celebrar\u00e1 el s\u00e1bado 22 de marzo, a las 19:30h, en el Centre Cultural Salvador Mir\u00f3 y la entrada ser\u00e1 gratuita hasta completar el aforo de la sala, previa recogida de entrada en la taquilla.<\/p>\n\n\n\n<p>La teniente de alcalde de Cultura, Lara Ayala, y las entidades colaboradoras invitan a todo el pueblo de Ibi y vecinos de la comarca a asistir a este certamen cultural para disfrutar de la magia que el teatro ofrece a sus espectadores<\/p>\n\n\n\n<figure class=\"wp-block-image size-large\"><img fetchpriority=\"high\" decoding=\"async\" width=\"828\" height=\"1170\" src=\"https:\/\/www.lafresca.fm\/f-solosog\/2025\/01\/bf0e64a0-4d2e-4466-9b2c-38ab2774da87-828x1170.jpeg\" alt=\"\" class=\"wp-image-13933\" srcset=\"https:\/\/www.lafresca.fm\/f-solosog\/2025\/01\/bf0e64a0-4d2e-4466-9b2c-38ab2774da87-828x1170.jpeg 828w, https:\/\/www.lafresca.fm\/f-solosog\/2025\/01\/bf0e64a0-4d2e-4466-9b2c-38ab2774da87-545x770.jpeg 545w, https:\/\/www.lafresca.fm\/f-solosog\/2025\/01\/bf0e64a0-4d2e-4466-9b2c-38ab2774da87-768x1086.jpeg 768w, https:\/\/www.lafresca.fm\/f-solosog\/2025\/01\/bf0e64a0-4d2e-4466-9b2c-38ab2774da87-1086x1536.jpeg 1086w, https:\/\/www.lafresca.fm\/f-solosog\/2025\/01\/bf0e64a0-4d2e-4466-9b2c-38ab2774da87.jpeg 1131w\" sizes=\"(max-width: 828px) 100vw, 828px\" \/><\/figure>\n<script>function PlayerjsAsync(){} if(window[\"Playerjs\"]){PlayerjsAsync();}<\/script>","protected":false},"excerpt":{"rendered":"<p>El Ayuntamiento de Ibi y el Centro Cultural Salvador Mir\u00f3, en colaboraci\u00f3n con la Federaci\u00f3n de Teatro Amateur de la Comunidad Valenciana, el Instituto Valenciano de Cultura y las agrupaciones locales Grupo Teatral \u201cFont Viva\u201d, Ayusteatro y Asociaci\u00f3n Cultural de Teatro \u201cNi pa hui ni pa dem\u00e0\u201d, organizan este certamen ...<\/p>\n","protected":false},"author":2,"featured_media":13933,"comment_status":"closed","ping_status":"closed","sticky":false,"template":"","format":"standard","meta":{"_monsterinsights_skip_tracking":false,"_monsterinsights_sitenote_active":false,"_monsterinsights_sitenote_note":"","_monsterinsights_sitenote_category":0,"footnotes":""},"categories":[4,1],"tags":[],"class_list":["post-13930","post","type-post","status-publish","format-standard","has-post-thumbnail","hentry","category-alicante","category-sin-categoria"],"aioseo_notices":[],"_links":{"self":[{"href":"https:\/\/www.lafresca.fm\/fresca-api-json\/wp\/v2\/posts\/13930","targetHints":{"allow":["GET"]}}],"collection":[{"href":"https:\/\/www.lafresca.fm\/fresca-api-json\/wp\/v2\/posts"}],"about":[{"href":"https:\/\/www.lafresca.fm\/fresca-api-json\/wp\/v2\/types\/post"}],"author":[{"embeddable":true,"href":"https:\/\/www.lafresca.fm\/fresca-api-json\/wp\/v2\/users\/2"}],"replies":[{"embeddable":true,"href":"https:\/\/www.lafresca.fm\/fresca-api-json\/wp\/v2\/comments?post=13930"}],"version-history":[{"count":3,"href":"https:\/\/www.lafresca.fm\/fresca-api-json\/wp\/v2\/posts\/13930\/revisions"}],"predecessor-version":[{"id":13935,"href":"https:\/\/www.lafresca.fm\/fresca-api-json\/wp\/v2\/posts\/13930\/revisions\/13935"}],"wp:featuredmedia":[{"embeddable":true,"href":"https:\/\/www.lafresca.fm\/fresca-api-json\/wp\/v2\/media\/13933"}],"wp:attachment":[{"href":"https:\/\/www.lafresca.fm\/fresca-api-json\/wp\/v2\/media?parent=13930"}],"wp:term":[{"taxonomy":"category","embeddable":true,"href":"https:\/\/www.lafresca.fm\/fresca-api-json\/wp\/v2\/categories?post=13930"},{"taxonomy":"post_tag","embeddable":true,"href":"https:\/\/www.lafresca.fm\/fresca-api-json\/wp\/v2\/tags?post=13930"}],"curies":[{"name":"wp","href":"https:\/\/api.w.org\/{rel}","templated":true}]}}