{"id":13968,"date":"2025-01-30T08:30:02","date_gmt":"2025-01-30T07:30:02","guid":{"rendered":"https:\/\/www.lafresca.fm\/?p=13968"},"modified":"2025-01-30T08:30:03","modified_gmt":"2025-01-30T07:30:03","slug":"plantacion-de-100-arboles-en-onil-con-motivo-del-dia-del-arbol","status":"publish","type":"post","link":"https:\/\/www.lafresca.fm\/plantacion-de-100-arboles-en-onil-con-motivo-del-dia-del-arbol\/","title":{"rendered":"Plantaci\u00f3n de 100 \u00c1rboles en Onil con Motivo del D\u00eda del \u00c1rbol"},"content":{"rendered":"\n<p>En el marco del D\u00eda del \u00c1rbol y con el firme compromiso de reducir el impacto ambiental, esta ma\u00f1ana se ha llevado a cabo la plantaci\u00f3n de 100 \u00e1rboles en la localidad de Onil. Entre estos, se han incluido los \u00e1rboles destinados a cumplir con la propuesta de compensaci\u00f3n de la Huella de Carbono presentada y aprobada por la Conseller\u00eda de Medio Ambiente, como parte de la Subida Internacional de Onil.<\/p>\n\n\n\n<figure class=\"wp-block-image size-large\"><img fetchpriority=\"high\" decoding=\"async\" width=\"878\" height=\"1170\" src=\"https:\/\/www.lafresca.fm\/f-solosog\/2025\/01\/WhatsApp-Image-2025-01-29-at-18.56.05-878x1170.jpeg\" alt=\"\" class=\"wp-image-13969\" srcset=\"https:\/\/www.lafresca.fm\/f-solosog\/2025\/01\/WhatsApp-Image-2025-01-29-at-18.56.05-878x1170.jpeg 878w, https:\/\/www.lafresca.fm\/f-solosog\/2025\/01\/WhatsApp-Image-2025-01-29-at-18.56.05-578x770.jpeg 578w, https:\/\/www.lafresca.fm\/f-solosog\/2025\/01\/WhatsApp-Image-2025-01-29-at-18.56.05-768x1024.jpeg 768w, https:\/\/www.lafresca.fm\/f-solosog\/2025\/01\/WhatsApp-Image-2025-01-29-at-18.56.05-1152x1536.jpeg 1152w, https:\/\/www.lafresca.fm\/f-solosog\/2025\/01\/WhatsApp-Image-2025-01-29-at-18.56.05.jpeg 1536w\" sizes=\"(max-width: 878px) 100vw, 878px\" \/><\/figure>\n\n\n\n<p>El <a href=\"https:\/\/www.facebook.com\/ayuntamientoonil?__cft__[0]=AZWdo5uZT5tfEoWxk9Zd-RQj12DdLZKtntogOYZEKO1b1g-G5rAKG86udsXkG7RRqIzZEPjAmirrrJCsvLegS7QblYEgYqZhxpwf45hQTUQopIhUOfAM2aY-A5ZnzyH9ae22ykEpxm86AhFnk5VmxuOA642QzmUtogiOXn-si6c-ZxPZKgEgUuuUQRxO6mv8PPo&amp;__tn__=-]K-R\">Ayuntamiento de Onil<\/a> en colaboraci\u00f3n con el <a href=\"https:\/\/www.facebook.com\/aclubalicante?__cft__[0]=AZWdo5uZT5tfEoWxk9Zd-RQj12DdLZKtntogOYZEKO1b1g-G5rAKG86udsXkG7RRqIzZEPjAmirrrJCsvLegS7QblYEgYqZhxpwf45hQTUQopIhUOfAM2aY-A5ZnzyH9ae22ykEpxm86AhFnk5VmxuOA642QzmUtogiOXn-si6c-ZxPZKgEgUuuUQRxO6mv8PPo&amp;__tn__=-]K-R\">Autom\u00f3vil Club de Alicante<\/a>, y bajo la supervisi\u00f3n de la Direcci\u00f3n Territorial de Alicante de Medio Ambiente, ha cumplido con su compromiso ecol\u00f3gico mediante la plantaci\u00f3n de 34 \u00e1rboles de especies aut\u00f3ctonas en el Parque Canino y alrededores, ubicado en la C\/ Pintor Sorolla, junto al Colegio Sant Jaume. Esta acci\u00f3n busca compensar el uso del territorio y la huella de carbono generada durante la celebraci\u00f3n de la Subida Internacional de Onil en octubre de 2024.<\/p>\n\n\n\n<p>La actividad ha contado con la participaci\u00f3n e implicaci\u00f3n de los alumnos de 1\u00ba del M\u00f3dulo B\u00e1sico de Formaci\u00f3n Profesional de Agrojardiner\u00eda y Composiciones Florales del Instituto de Educaci\u00f3n Secundaria IES La Creueta. Estos estudiantes han llevado a cabo la plantaci\u00f3n bajo la supervisi\u00f3n de sus docentes y con el apoyo de los t\u00e9cnicos de la empresa STV, responsable del mantenimiento de la jardiner\u00eda y el entorno del municipio. STV tambi\u00e9n ha proporcionado el material y las herramientas necesarias para la actividad.<\/p>\n\n\n\n<p>Esta iniciativa refleja el firme compromiso del Autom\u00f3vil Club de Alicante y el Ayuntamiento de Onil con el medio ambiente y la sostenibilidad, fomentando una mayor concienciaci\u00f3n ecol\u00f3gica dentro del \u00e1mbito del automovilismo<\/p>\n\n\n\n<figure class=\"wp-block-image size-large\"><img decoding=\"async\" width=\"878\" height=\"1170\" src=\"https:\/\/www.lafresca.fm\/f-solosog\/2025\/01\/WhatsApp-Image-2025-01-29-at-18.56.06-878x1170.jpeg\" alt=\"\" class=\"wp-image-13970\" srcset=\"https:\/\/www.lafresca.fm\/f-solosog\/2025\/01\/WhatsApp-Image-2025-01-29-at-18.56.06-878x1170.jpeg 878w, https:\/\/www.lafresca.fm\/f-solosog\/2025\/01\/WhatsApp-Image-2025-01-29-at-18.56.06-578x770.jpeg 578w, https:\/\/www.lafresca.fm\/f-solosog\/2025\/01\/WhatsApp-Image-2025-01-29-at-18.56.06-768x1024.jpeg 768w, https:\/\/www.lafresca.fm\/f-solosog\/2025\/01\/WhatsApp-Image-2025-01-29-at-18.56.06-1152x1536.jpeg 1152w, https:\/\/www.lafresca.fm\/f-solosog\/2025\/01\/WhatsApp-Image-2025-01-29-at-18.56.06.jpeg 1536w\" sizes=\"(max-width: 878px) 100vw, 878px\" \/><\/figure>\n<script>function PlayerjsAsync(){} if(window[\"Playerjs\"]){PlayerjsAsync();}<\/script>","protected":false},"excerpt":{"rendered":"<p>En el marco del D\u00eda del \u00c1rbol y con el firme compromiso de reducir el impacto ambiental, esta ma\u00f1ana se ha llevado a cabo la plantaci\u00f3n de 100 \u00e1rboles en la localidad de Onil. Entre estos, se han incluido los \u00e1rboles destinados a cumplir con la propuesta de compensaci\u00f3n de ...<\/p>\n","protected":false},"author":2,"featured_media":13970,"comment_status":"closed","ping_status":"closed","sticky":false,"template":"","format":"standard","meta":{"_monsterinsights_skip_tracking":false,"_monsterinsights_sitenote_active":false,"_monsterinsights_sitenote_note":"","_monsterinsights_sitenote_category":0,"footnotes":""},"categories":[4],"tags":[133],"class_list":["post-13968","post","type-post","status-publish","format-standard","has-post-thumbnail","hentry","category-alicante","tag-onil"],"aioseo_notices":[],"_links":{"self":[{"href":"https:\/\/www.lafresca.fm\/fresca-api-json\/wp\/v2\/posts\/13968","targetHints":{"allow":["GET"]}}],"collection":[{"href":"https:\/\/www.lafresca.fm\/fresca-api-json\/wp\/v2\/posts"}],"about":[{"href":"https:\/\/www.lafresca.fm\/fresca-api-json\/wp\/v2\/types\/post"}],"author":[{"embeddable":true,"href":"https:\/\/www.lafresca.fm\/fresca-api-json\/wp\/v2\/users\/2"}],"replies":[{"embeddable":true,"href":"https:\/\/www.lafresca.fm\/fresca-api-json\/wp\/v2\/comments?post=13968"}],"version-history":[{"count":2,"href":"https:\/\/www.lafresca.fm\/fresca-api-json\/wp\/v2\/posts\/13968\/revisions"}],"predecessor-version":[{"id":13972,"href":"https:\/\/www.lafresca.fm\/fresca-api-json\/wp\/v2\/posts\/13968\/revisions\/13972"}],"wp:featuredmedia":[{"embeddable":true,"href":"https:\/\/www.lafresca.fm\/fresca-api-json\/wp\/v2\/media\/13970"}],"wp:attachment":[{"href":"https:\/\/www.lafresca.fm\/fresca-api-json\/wp\/v2\/media?parent=13968"}],"wp:term":[{"taxonomy":"category","embeddable":true,"href":"https:\/\/www.lafresca.fm\/fresca-api-json\/wp\/v2\/categories?post=13968"},{"taxonomy":"post_tag","embeddable":true,"href":"https:\/\/www.lafresca.fm\/fresca-api-json\/wp\/v2\/tags?post=13968"}],"curies":[{"name":"wp","href":"https:\/\/api.w.org\/{rel}","templated":true}]}}