{"id":14056,"date":"2025-02-06T12:24:27","date_gmt":"2025-02-06T11:24:27","guid":{"rendered":"https:\/\/www.lafresca.fm\/?p=14056"},"modified":"2025-02-06T12:24:30","modified_gmt":"2025-02-06T11:24:30","slug":"%f0%9d%90%8b%f0%9d%90%84%f0%9d%90%ac%f0%9d%90%a9%f0%9d%90%9a%f0%9d%90%a2-mig-any-de-vaca-en-castalla-15-y-16-de-febrero-david-belda-y-jose-rico","status":"publish","type":"post","link":"https:\/\/www.lafresca.fm\/%f0%9d%90%8b%f0%9d%90%84%f0%9d%90%ac%f0%9d%90%a9%f0%9d%90%9a%f0%9d%90%a2-mig-any-de-vaca-en-castalla-15-y-16-de-febrero-david-belda-y-jose-rico\/","title":{"rendered":"\ud835\udc0b\u2019\ud835\udc04\ud835\udc2c\ud835\udc29\ud835\udc1a\ud835\udc22:\u00a0Mig Any de Vaca en Castalla 15 y 16 de febrero: David Belda y Jos\u00e9 Rico"},"content":{"rendered":"\n<p>\ud835\udc0b\u2019\ud835\udc04\ud835\udc2c\ud835\udc29\ud835\udc1a\ud835\udc22 con Rosana Guill.\u00a0Un programa que nos acerca las tradiciones, cultura, m\u00fasica y gente de los pueblos de nuestra comarca.<\/p>\n\n\n\n<p>Entrevista con Jos\u00e9 Rico y David Belda, regidor de Cultura y Ferias del ayuntamiento de Castalla y presidente de la Comisi\u00f3n de Vaca respectivamente. <\/p>\n\n\n\n<figure class=\"wp-block-audio\"><audio controls src=\"https:\/\/www.lafresca.fm\/f-solosog\/2025\/02\/LESPAI-Vaca-Castalla-6225-OK.mp3\"><\/audio><\/figure>\n\n\n\n<figure class=\"wp-block-image size-large\"><img fetchpriority=\"high\" decoding=\"async\" width=\"1170\" height=\"878\" src=\"https:\/\/www.lafresca.fm\/f-solosog\/2025\/02\/lespai-mig-any-vaca-castalla-6225-1170x878.jpeg\" alt=\"\" class=\"wp-image-14058\" srcset=\"https:\/\/www.lafresca.fm\/f-solosog\/2025\/02\/lespai-mig-any-vaca-castalla-6225-1170x878.jpeg 1170w, https:\/\/www.lafresca.fm\/f-solosog\/2025\/02\/lespai-mig-any-vaca-castalla-6225-770x578.jpeg 770w, https:\/\/www.lafresca.fm\/f-solosog\/2025\/02\/lespai-mig-any-vaca-castalla-6225-768x576.jpeg 768w, https:\/\/www.lafresca.fm\/f-solosog\/2025\/02\/lespai-mig-any-vaca-castalla-6225-1536x1152.jpeg 1536w, https:\/\/www.lafresca.fm\/f-solosog\/2025\/02\/lespai-mig-any-vaca-castalla-6225.jpeg 2000w\" sizes=\"(max-width: 1170px) 100vw, 1170px\" \/><\/figure>\n\n\n\n<figure class=\"wp-block-image size-large\"><img decoding=\"async\" width=\"827\" height=\"1170\" src=\"https:\/\/www.lafresca.fm\/f-solosog\/2025\/02\/476003503_923240186688589_6876765858639799665_n-827x1170.jpg\" alt=\"\" class=\"wp-image-14004\" srcset=\"https:\/\/www.lafresca.fm\/f-solosog\/2025\/02\/476003503_923240186688589_6876765858639799665_n-827x1170.jpg 827w, https:\/\/www.lafresca.fm\/f-solosog\/2025\/02\/476003503_923240186688589_6876765858639799665_n-544x770.jpg 544w, https:\/\/www.lafresca.fm\/f-solosog\/2025\/02\/476003503_923240186688589_6876765858639799665_n-768x1086.jpg 768w, https:\/\/www.lafresca.fm\/f-solosog\/2025\/02\/476003503_923240186688589_6876765858639799665_n-1086x1536.jpg 1086w, https:\/\/www.lafresca.fm\/f-solosog\/2025\/02\/476003503_923240186688589_6876765858639799665_n.jpg 1131w\" sizes=\"(max-width: 827px) 100vw, 827px\" \/><\/figure>\n<script>function PlayerjsAsync(){} if(window[\"Playerjs\"]){PlayerjsAsync();}<\/script>","protected":false},"excerpt":{"rendered":"<p>\ud835\udc0b\u2019\ud835\udc04\ud835\udc2c\ud835\udc29\ud835\udc1a\ud835\udc22 con Rosana Guill.\u00a0Un programa que nos acerca las tradiciones, cultura, m\u00fasica y gente de los pueblos de nuestra comarca. Entrevista con Jos\u00e9 Rico y David Belda, regidor de Cultura y Ferias del ayuntamiento de Castalla y presidente de la Comisi\u00f3n de Vaca respectivamente.<\/p>\n","protected":false},"author":2,"featured_media":14058,"comment_status":"closed","ping_status":"closed","sticky":false,"template":"","format":"standard","meta":{"_monsterinsights_skip_tracking":false,"_monsterinsights_sitenote_active":false,"_monsterinsights_sitenote_note":"","_monsterinsights_sitenote_category":0,"footnotes":""},"categories":[4],"tags":[144],"class_list":["post-14056","post","type-post","status-publish","format-standard","has-post-thumbnail","hentry","category-alicante","tag-castalla"],"aioseo_notices":[],"_links":{"self":[{"href":"https:\/\/www.lafresca.fm\/fresca-api-json\/wp\/v2\/posts\/14056","targetHints":{"allow":["GET"]}}],"collection":[{"href":"https:\/\/www.lafresca.fm\/fresca-api-json\/wp\/v2\/posts"}],"about":[{"href":"https:\/\/www.lafresca.fm\/fresca-api-json\/wp\/v2\/types\/post"}],"author":[{"embeddable":true,"href":"https:\/\/www.lafresca.fm\/fresca-api-json\/wp\/v2\/users\/2"}],"replies":[{"embeddable":true,"href":"https:\/\/www.lafresca.fm\/fresca-api-json\/wp\/v2\/comments?post=14056"}],"version-history":[{"count":2,"href":"https:\/\/www.lafresca.fm\/fresca-api-json\/wp\/v2\/posts\/14056\/revisions"}],"predecessor-version":[{"id":14060,"href":"https:\/\/www.lafresca.fm\/fresca-api-json\/wp\/v2\/posts\/14056\/revisions\/14060"}],"wp:featuredmedia":[{"embeddable":true,"href":"https:\/\/www.lafresca.fm\/fresca-api-json\/wp\/v2\/media\/14058"}],"wp:attachment":[{"href":"https:\/\/www.lafresca.fm\/fresca-api-json\/wp\/v2\/media?parent=14056"}],"wp:term":[{"taxonomy":"category","embeddable":true,"href":"https:\/\/www.lafresca.fm\/fresca-api-json\/wp\/v2\/categories?post=14056"},{"taxonomy":"post_tag","embeddable":true,"href":"https:\/\/www.lafresca.fm\/fresca-api-json\/wp\/v2\/tags?post=14056"}],"curies":[{"name":"wp","href":"https:\/\/api.w.org\/{rel}","templated":true}]}}