{"id":14061,"date":"2025-02-06T16:15:47","date_gmt":"2025-02-06T15:15:47","guid":{"rendered":"https:\/\/www.lafresca.fm\/?p=14061"},"modified":"2025-02-06T16:15:49","modified_gmt":"2025-02-06T15:15:49","slug":"la-diputacion-sufragara-las-mejoras-en-abastecimiento-de-agua-potable-y-alcantarillado-de-tibi","status":"publish","type":"post","link":"https:\/\/www.lafresca.fm\/la-diputacion-sufragara-las-mejoras-en-abastecimiento-de-agua-potable-y-alcantarillado-de-tibi\/","title":{"rendered":"La Diputaci\u00f3n sufragar\u00e1 las mejoras\u00a0en abastecimiento de agua potable y alcantarillado de Tibi\u00a0"},"content":{"rendered":"\n<p>El pleno de la Diputaci\u00f3n de Alicante ha aprobado por unanimidad\u00a0la\u00a0convocatoria de ayudas destinadas a municipios\u00a0para la\u00a0reactivaci\u00f3n de la econom\u00eda y el fomento del empleo, una partida que este a\u00f1o vuelve a crecer, en este caso un 12%, hasta alcanzar los\u00a02.553.886 euros.\u00a0La corporaci\u00f3n provincial tambi\u00e9n ha dado el visto bueno a sendas\u00a0l\u00edneas de subvenciones,\u00a0dotadas en su conjunto con\u00a02.300.000 euros, para la\u00a0realizaci\u00f3n y mejora de infraestructuras hidr\u00e1ulicas.<\/p>\n\n\n\n<p><strong><u>Ayudas Desarrollo Econ\u00f3mico<\/u><\/strong><\/p>\n\n\n\n<p>Las ayudas de Desarrollo Econ\u00f3mico se destinar\u00e1n, un a\u00f1o m\u00e1s, a la\u00a0modernizaci\u00f3n de mercados, el\u00a0fomento de la agricultura, el\u00a0sostenimiento del medio rural, la\u00a0realizaci\u00f3n de ferias\u00a0y la\u00a0creaci\u00f3n y mantenimiento de huertos urbanos\u00a0son las actividades que se financiar\u00e1n desde el \u00e1rea de Desarrollo Econ\u00f3mico de la Diputaci\u00f3n de Alicante, tal y como ha detallado el diputado responsable,\u00a0Carlos Pastor, quien ha precisado que pr\u00e1cticamente el 50% de la partida de su departamento se destina a esta convocatoria de subvenciones.<\/p>\n\n\n\n<p><strong><u>Ayudas ciclo h\u00eddrico y transparencia<\/u><\/strong><\/p>\n\n\n\n<p>Asimismo, la corporaci\u00f3n tambi\u00e9n ha dado el visto bueno a las bases de\u00a0dos convocatorias de ayudas de ciclo h\u00eddrico con un presupuesto total de 2.300.000 euros. Dirigidas a ayuntamientos, con estas subvenciones la Diputaci\u00f3n sufragar\u00e1 la\u00a0realizaci\u00f3n y mejora de infraestructuras hidr\u00e1ulicas de abastecimiento y saneamiento\u00a0tanto que ejecuten los consistorios como la propia Diputaci\u00f3n.<\/p>\n\n\n\n<p>En materia de agua tambi\u00e9n se han aceptado en el pleno\u00a0las encomiendas de los Ayuntamientos de Alfafara, Millena y<strong> Tibi<\/strong> a la Diputaci\u00f3n de Alicante de la gesti\u00f3n t\u00e9cnica y material de la prestaci\u00f3n del servicio de abastecimiento de agua potable y alcantarillado\u00a0de estos municipios.<\/p>\n\n\n\n<figure class=\"wp-block-image size-large\"><img fetchpriority=\"high\" decoding=\"async\" width=\"1170\" height=\"717\" src=\"https:\/\/www.lafresca.fm\/f-solosog\/2025\/02\/ayuntamiento-tibi-1170x717.png\" alt=\"\" class=\"wp-image-14062\" srcset=\"https:\/\/www.lafresca.fm\/f-solosog\/2025\/02\/ayuntamiento-tibi-1170x717.png 1170w, https:\/\/www.lafresca.fm\/f-solosog\/2025\/02\/ayuntamiento-tibi-770x472.png 770w, https:\/\/www.lafresca.fm\/f-solosog\/2025\/02\/ayuntamiento-tibi-768x470.png 768w, https:\/\/www.lafresca.fm\/f-solosog\/2025\/02\/ayuntamiento-tibi.png 1200w\" sizes=\"(max-width: 1170px) 100vw, 1170px\" \/><\/figure>\n\n\n\n<p><\/p>\n\n\n\n<p><\/p>\n<script>function PlayerjsAsync(){} if(window[\"Playerjs\"]){PlayerjsAsync();}<\/script>","protected":false},"excerpt":{"rendered":"<p>El pleno de la Diputaci\u00f3n de Alicante ha aprobado por unanimidad\u00a0la\u00a0convocatoria de ayudas destinadas a municipios\u00a0para la\u00a0reactivaci\u00f3n de la econom\u00eda y el fomento del empleo, una partida que este a\u00f1o vuelve a crecer, en este caso un 12%, hasta alcanzar los\u00a02.553.886 euros.\u00a0La corporaci\u00f3n provincial tambi\u00e9n ha dado el visto bueno ...<\/p>\n","protected":false},"author":2,"featured_media":14062,"comment_status":"closed","ping_status":"closed","sticky":false,"template":"","format":"standard","meta":{"_monsterinsights_skip_tracking":false,"_monsterinsights_sitenote_active":false,"_monsterinsights_sitenote_note":"","_monsterinsights_sitenote_category":0,"footnotes":""},"categories":[4],"tags":[170],"class_list":["post-14061","post","type-post","status-publish","format-standard","has-post-thumbnail","hentry","category-alicante","tag-tibi"],"aioseo_notices":[],"_links":{"self":[{"href":"https:\/\/www.lafresca.fm\/fresca-api-json\/wp\/v2\/posts\/14061","targetHints":{"allow":["GET"]}}],"collection":[{"href":"https:\/\/www.lafresca.fm\/fresca-api-json\/wp\/v2\/posts"}],"about":[{"href":"https:\/\/www.lafresca.fm\/fresca-api-json\/wp\/v2\/types\/post"}],"author":[{"embeddable":true,"href":"https:\/\/www.lafresca.fm\/fresca-api-json\/wp\/v2\/users\/2"}],"replies":[{"embeddable":true,"href":"https:\/\/www.lafresca.fm\/fresca-api-json\/wp\/v2\/comments?post=14061"}],"version-history":[{"count":2,"href":"https:\/\/www.lafresca.fm\/fresca-api-json\/wp\/v2\/posts\/14061\/revisions"}],"predecessor-version":[{"id":14064,"href":"https:\/\/www.lafresca.fm\/fresca-api-json\/wp\/v2\/posts\/14061\/revisions\/14064"}],"wp:featuredmedia":[{"embeddable":true,"href":"https:\/\/www.lafresca.fm\/fresca-api-json\/wp\/v2\/media\/14062"}],"wp:attachment":[{"href":"https:\/\/www.lafresca.fm\/fresca-api-json\/wp\/v2\/media?parent=14061"}],"wp:term":[{"taxonomy":"category","embeddable":true,"href":"https:\/\/www.lafresca.fm\/fresca-api-json\/wp\/v2\/categories?post=14061"},{"taxonomy":"post_tag","embeddable":true,"href":"https:\/\/www.lafresca.fm\/fresca-api-json\/wp\/v2\/tags?post=14061"}],"curies":[{"name":"wp","href":"https:\/\/api.w.org\/{rel}","templated":true}]}}