{"id":14066,"date":"2025-02-07T08:45:37","date_gmt":"2025-02-07T07:45:37","guid":{"rendered":"https:\/\/www.lafresca.fm\/?p=14066"},"modified":"2025-02-07T08:45:39","modified_gmt":"2025-02-07T07:45:39","slug":"diputacion-gestionara-el-servicio-de-agua-potable-y-alcantarillado-de-tibi-a-traves-de-proaguas","status":"publish","type":"post","link":"https:\/\/www.lafresca.fm\/diputacion-gestionara-el-servicio-de-agua-potable-y-alcantarillado-de-tibi-a-traves-de-proaguas\/","title":{"rendered":"Diputaci\u00f3n gestionar\u00e1 el servicio de agua potable y alcantarillado de Tibi a trav\u00e9s de Proaguas"},"content":{"rendered":"\n<p>La Diputaci\u00f3n provincial de Alicante ha dado el visto bueno a las bases de\u00a0dos convocatorias de ayudas de ciclo h\u00eddrico con un presupuesto total de 2.300.000 euros. Dirigidas a ayuntamientos, con estas subvenciones la Diputaci\u00f3n sufragar\u00e1 la\u00a0realizaci\u00f3n y mejora de infraestructuras hidr\u00e1ulicas de abastecimiento y saneamiento\u00a0tanto que ejecuten los consistorios como la propia Diputaci\u00f3n.<\/p>\n\n\n\n<p>En materia de agua tambi\u00e9n se han aceptado en el pleno\u00a0las encomiendas de los Ayuntamientos de Alfafara, Millena y<strong> Tibi<\/strong> a la Diputaci\u00f3n de Alicante de la gesti\u00f3n t\u00e9cnica y material de la prestaci\u00f3n del servicio de abastecimiento de agua potable y alcantarillado\u00a0de estos municipios a trav\u00e9s de la empresa Proaguas<\/p>\n\n\n\n<p>Por otra parte, el <strong>Ayuntamiento de Tibi <\/strong>ha sido beneficiario de una subvenci\u00f3n, por parte de la Diputaci\u00f3n Provincial de Alicante, dentro de la Convocatoria Extraordinaria 2024 de Subvenciones para infraestructuras hidr\u00e1ulicas de <strong>abastecimiento<\/strong> en alta a ejecutar por Diputaci\u00f3n, del Departamento de Ciclo H\u00eddrico, por un importe de 603.383,53\u20ac para la Instalaci\u00f3n electromec\u00e1nica, dep\u00f3sito regulador y conducci\u00f3n de abastecimiento del nuevo pozo del <strong>Maigm\u00f3 <\/strong><\/p>\n\n\n\n<figure class=\"wp-block-image size-large\"><img fetchpriority=\"high\" decoding=\"async\" width=\"1170\" height=\"717\" src=\"https:\/\/www.lafresca.fm\/f-solosog\/2025\/02\/ayuntamiento-tibi-1170x717.png\" alt=\"\" class=\"wp-image-14062\" srcset=\"https:\/\/www.lafresca.fm\/f-solosog\/2025\/02\/ayuntamiento-tibi-1170x717.png 1170w, https:\/\/www.lafresca.fm\/f-solosog\/2025\/02\/ayuntamiento-tibi-770x472.png 770w, https:\/\/www.lafresca.fm\/f-solosog\/2025\/02\/ayuntamiento-tibi-768x470.png 768w, https:\/\/www.lafresca.fm\/f-solosog\/2025\/02\/ayuntamiento-tibi.png 1200w\" sizes=\"(max-width: 1170px) 100vw, 1170px\" \/><\/figure>\n<script>function PlayerjsAsync(){} if(window[\"Playerjs\"]){PlayerjsAsync();}<\/script>","protected":false},"excerpt":{"rendered":"<p>La Diputaci\u00f3n provincial de Alicante ha dado el visto bueno a las bases de\u00a0dos convocatorias de ayudas de ciclo h\u00eddrico con un presupuesto total de 2.300.000 euros. Dirigidas a ayuntamientos, con estas subvenciones la Diputaci\u00f3n sufragar\u00e1 la\u00a0realizaci\u00f3n y mejora de infraestructuras hidr\u00e1ulicas de abastecimiento y saneamiento\u00a0tanto que ejecuten los consistorios ...<\/p>\n","protected":false},"author":2,"featured_media":14062,"comment_status":"closed","ping_status":"closed","sticky":false,"template":"","format":"standard","meta":{"_monsterinsights_skip_tracking":false,"_monsterinsights_sitenote_active":false,"_monsterinsights_sitenote_note":"","_monsterinsights_sitenote_category":0,"footnotes":""},"categories":[4],"tags":[170],"class_list":["post-14066","post","type-post","status-publish","format-standard","has-post-thumbnail","hentry","category-alicante","tag-tibi"],"aioseo_notices":[],"_links":{"self":[{"href":"https:\/\/www.lafresca.fm\/fresca-api-json\/wp\/v2\/posts\/14066","targetHints":{"allow":["GET"]}}],"collection":[{"href":"https:\/\/www.lafresca.fm\/fresca-api-json\/wp\/v2\/posts"}],"about":[{"href":"https:\/\/www.lafresca.fm\/fresca-api-json\/wp\/v2\/types\/post"}],"author":[{"embeddable":true,"href":"https:\/\/www.lafresca.fm\/fresca-api-json\/wp\/v2\/users\/2"}],"replies":[{"embeddable":true,"href":"https:\/\/www.lafresca.fm\/fresca-api-json\/wp\/v2\/comments?post=14066"}],"version-history":[{"count":2,"href":"https:\/\/www.lafresca.fm\/fresca-api-json\/wp\/v2\/posts\/14066\/revisions"}],"predecessor-version":[{"id":14068,"href":"https:\/\/www.lafresca.fm\/fresca-api-json\/wp\/v2\/posts\/14066\/revisions\/14068"}],"wp:featuredmedia":[{"embeddable":true,"href":"https:\/\/www.lafresca.fm\/fresca-api-json\/wp\/v2\/media\/14062"}],"wp:attachment":[{"href":"https:\/\/www.lafresca.fm\/fresca-api-json\/wp\/v2\/media?parent=14066"}],"wp:term":[{"taxonomy":"category","embeddable":true,"href":"https:\/\/www.lafresca.fm\/fresca-api-json\/wp\/v2\/categories?post=14066"},{"taxonomy":"post_tag","embeddable":true,"href":"https:\/\/www.lafresca.fm\/fresca-api-json\/wp\/v2\/tags?post=14066"}],"curies":[{"name":"wp","href":"https:\/\/api.w.org\/{rel}","templated":true}]}}