{"id":14089,"date":"2025-02-10T13:01:33","date_gmt":"2025-02-10T12:01:33","guid":{"rendered":"https:\/\/www.lafresca.fm\/?p=14089"},"modified":"2025-02-10T13:01:35","modified_gmt":"2025-02-10T12:01:35","slug":"el-ciclista-ibense-fernando-villaplana-seguira-en-la-competicion-al-crear-su-propio-equipo","status":"publish","type":"post","link":"https:\/\/www.lafresca.fm\/el-ciclista-ibense-fernando-villaplana-seguira-en-la-competicion-al-crear-su-propio-equipo\/","title":{"rendered":"El Ciclista ibense Fernando Villaplana seguir\u00e1 en la competici\u00f3n al crear su propio equipo"},"content":{"rendered":"\n<p>El ciclista ibense, Fernando Vilaplana presentaba el s\u00e1bado 1 de febrero su propio equipo de ciclismo con el que podr\u00e1 seguir pedaleando durante los pr\u00f3ximos meses. <\/p>\n\n\n\n<p>Fernando lleva a\u00f1os compitiendo como ciclista y llenando su palmar\u00e9s de grandes logros, tanto en carretera como en la modalidad de monta\u00f1a, cosa que su anterior equipo no lo ha tenido en cuenta y decid\u00eda a finales de 2024 comunicarle que no contar\u00edan con \u00e9l para la nueva temporada en la categor\u00eda \u00c9lite y sin tener tiempo para poder buscar nuevo equipo.<\/p>\n\n\n\n<p>Tras el duro trago, Fernando, se puso manos a la obra y se feder\u00f3 al Club Ciclista Ibense para poder crear su propio equipo llamado &#8216;Molina Automoci\u00f3n-Tot Rodes FV Team&#8217; <\/p>\n\n\n\n<p>El ibense tiene ya en mente poder hacer p\u00f3dium en el pr\u00f3ximo Campeonato Auton\u00f3mico y situarse entre los diez primeros en el Campeonato de Espa\u00f1a.\u00a0<\/p>\n\n\n\n<figure class=\"wp-block-image size-large\"><img fetchpriority=\"high\" decoding=\"async\" width=\"794\" height=\"1170\" src=\"https:\/\/www.lafresca.fm\/f-solosog\/2025\/02\/b016da38-b1be-4b98-805a-bd4d623ef6f5-794x1170.jpeg\" alt=\"\" class=\"wp-image-14090\" srcset=\"https:\/\/www.lafresca.fm\/f-solosog\/2025\/02\/b016da38-b1be-4b98-805a-bd4d623ef6f5-794x1170.jpeg 794w, https:\/\/www.lafresca.fm\/f-solosog\/2025\/02\/b016da38-b1be-4b98-805a-bd4d623ef6f5-523x770.jpeg 523w, https:\/\/www.lafresca.fm\/f-solosog\/2025\/02\/b016da38-b1be-4b98-805a-bd4d623ef6f5-768x1131.jpeg 768w, https:\/\/www.lafresca.fm\/f-solosog\/2025\/02\/b016da38-b1be-4b98-805a-bd4d623ef6f5-1043x1536.jpeg 1043w, https:\/\/www.lafresca.fm\/f-solosog\/2025\/02\/b016da38-b1be-4b98-805a-bd4d623ef6f5.jpeg 1080w\" sizes=\"(max-width: 794px) 100vw, 794px\" \/><\/figure>\n\n\n\n<p><\/p>\n<script>function PlayerjsAsync(){} if(window[\"Playerjs\"]){PlayerjsAsync();}<\/script>","protected":false},"excerpt":{"rendered":"<p>El ciclista ibense, Fernando Vilaplana presentaba el s\u00e1bado 1 de febrero su propio equipo de ciclismo con el que podr\u00e1 seguir pedaleando durante los pr\u00f3ximos meses. Fernando lleva a\u00f1os compitiendo como ciclista y llenando su palmar\u00e9s de grandes logros, tanto en carretera como en la modalidad de monta\u00f1a, cosa que ...<\/p>\n","protected":false},"author":2,"featured_media":14090,"comment_status":"closed","ping_status":"closed","sticky":false,"template":"","format":"standard","meta":{"_monsterinsights_skip_tracking":false,"_monsterinsights_sitenote_active":false,"_monsterinsights_sitenote_note":"","_monsterinsights_sitenote_category":0,"footnotes":""},"categories":[4],"tags":[460,128],"class_list":["post-14089","post","type-post","status-publish","format-standard","has-post-thumbnail","hentry","category-alicante","tag-fernando-vilaplana","tag-ibi"],"aioseo_notices":[],"_links":{"self":[{"href":"https:\/\/www.lafresca.fm\/fresca-api-json\/wp\/v2\/posts\/14089","targetHints":{"allow":["GET"]}}],"collection":[{"href":"https:\/\/www.lafresca.fm\/fresca-api-json\/wp\/v2\/posts"}],"about":[{"href":"https:\/\/www.lafresca.fm\/fresca-api-json\/wp\/v2\/types\/post"}],"author":[{"embeddable":true,"href":"https:\/\/www.lafresca.fm\/fresca-api-json\/wp\/v2\/users\/2"}],"replies":[{"embeddable":true,"href":"https:\/\/www.lafresca.fm\/fresca-api-json\/wp\/v2\/comments?post=14089"}],"version-history":[{"count":2,"href":"https:\/\/www.lafresca.fm\/fresca-api-json\/wp\/v2\/posts\/14089\/revisions"}],"predecessor-version":[{"id":14092,"href":"https:\/\/www.lafresca.fm\/fresca-api-json\/wp\/v2\/posts\/14089\/revisions\/14092"}],"wp:featuredmedia":[{"embeddable":true,"href":"https:\/\/www.lafresca.fm\/fresca-api-json\/wp\/v2\/media\/14090"}],"wp:attachment":[{"href":"https:\/\/www.lafresca.fm\/fresca-api-json\/wp\/v2\/media?parent=14089"}],"wp:term":[{"taxonomy":"category","embeddable":true,"href":"https:\/\/www.lafresca.fm\/fresca-api-json\/wp\/v2\/categories?post=14089"},{"taxonomy":"post_tag","embeddable":true,"href":"https:\/\/www.lafresca.fm\/fresca-api-json\/wp\/v2\/tags?post=14089"}],"curies":[{"name":"wp","href":"https:\/\/api.w.org\/{rel}","templated":true}]}}