{"id":14107,"date":"2025-02-10T15:22:00","date_gmt":"2025-02-10T14:22:00","guid":{"rendered":"https:\/\/www.lafresca.fm\/?p=14107"},"modified":"2025-02-10T15:22:02","modified_gmt":"2025-02-10T14:22:02","slug":"exito-rotundo-en-la-4a-marcha-solidaria-contra-el-cancer-en-onil-del-domingo-9-de-febrero","status":"publish","type":"post","link":"https:\/\/www.lafresca.fm\/exito-rotundo-en-la-4a-marcha-solidaria-contra-el-cancer-en-onil-del-domingo-9-de-febrero\/","title":{"rendered":"\u00c9xito Rotundo en la 4\u00aa Marcha Solidaria Contra el C\u00e1ncer en Onil del domingo 9 de febrero"},"content":{"rendered":"\n<p>La 4\u00aa Marcha Solidaria Contra el C\u00e1ncer de Onil se celebr\u00f3 este fin de semana con un rotundo \u00e9xito, superando todas las expectativas de participaci\u00f3n. Con un total de 1302 inscritos, m\u00e1s de 1300 personas se unieron para recorrer el municipio de Onil en un evento que, una vez m\u00e1s, demostr\u00f3 el compromiso y la solidaridad de <a><\/a>la comunidad.<\/p>\n\n\n\n<p>El recorrido de 3 kil\u00f3metros, que abarc\u00f3 varias de las principales calles de la localidad, estuvo marcado por una gran marea rosa que inund\u00f3 las calles de Onil. Participantes de todas las edades, desde ni\u00f1os hasta adultos, caminaron juntos para apoyar la lucha contra el c\u00e1ncer, dando visibilidad a esta causa tan importante.<\/p>\n\n\n\n<p>La jornada estuvo llena de emoci\u00f3n y esperanza, con un ambiente festivo y solidario que reflej\u00f3 el esp\u00edritu de la marcha. Durante el evento, se vivieron momentos de gran emoci\u00f3n, con la lectura de un manifiesto, bailes y, sobre todo, el firme prop\u00f3sito de recaudar fondos para la investigaci\u00f3n y el apoyo a quienes luchan contra el c\u00e1ncer.<\/p>\n\n\n\n<p>El evento fue posible gracias a la colaboraci\u00f3n de la Asociaci\u00f3n ALCCO IRIS de Onil, que asumi\u00f3 la organizaci\u00f3n, as\u00ed como a la asociaci\u00f3n AGORA de Castalla Adem\u00e1s cont\u00f3 con el respaldo del Ayuntamiento de Onil, empresas y asociaciones, quienes han contribuido a hacer de esta marcha un \u00e9xito tanto en participaci\u00f3n como en organizaci\u00f3n.<\/p>\n\n\n\n<p>Desde la organizaci\u00f3n, se agradeci\u00f3 la colaboraci\u00f3n de todos los asistentes, voluntarios y patrocinadores, quienes han sido fundamentales para el desarrollo de este evento, as\u00ed como a todos los que, de alguna manera, se han sumado a esta causa tan importante.<\/p>\n\n\n\n<p>La 4\u00aa Marcha Solidaria Contra el C\u00e1ncer de Onil ha sido una verdadera muestra de unidad y solidaridad, record\u00e1ndonos que juntos podemos hacer frente a la lucha contra el c\u00e1ncer y apoyar a quienes m\u00e1s lo necesitan. Sin duda, un evento que quedar\u00e1 en la memoria colectiva de todos los participantes y que se perfila como un referente en la lucha contra esta enfermedad.<\/p>\n\n\n\n<figure class=\"wp-block-gallery has-nested-images columns-default is-cropped wp-block-gallery-1 is-layout-flex wp-block-gallery-is-layout-flex\">\n<figure class=\"wp-block-image size-large\"><img fetchpriority=\"high\" decoding=\"async\" width=\"1080\" height=\"810\" data-id=\"14109\" src=\"https:\/\/www.lafresca.fm\/f-solosog\/2025\/02\/476837634_927191079626833_1912724428827831107_n.jpg\" alt=\"\" class=\"wp-image-14109\" srcset=\"https:\/\/www.lafresca.fm\/f-solosog\/2025\/02\/476837634_927191079626833_1912724428827831107_n.jpg 1080w, https:\/\/www.lafresca.fm\/f-solosog\/2025\/02\/476837634_927191079626833_1912724428827831107_n-770x578.jpg 770w, https:\/\/www.lafresca.fm\/f-solosog\/2025\/02\/476837634_927191079626833_1912724428827831107_n-768x576.jpg 768w\" sizes=\"(max-width: 1080px) 100vw, 1080px\" \/><\/figure>\n\n\n\n<figure class=\"wp-block-image size-large\"><img decoding=\"async\" width=\"1080\" height=\"810\" data-id=\"14110\" src=\"https:\/\/www.lafresca.fm\/f-solosog\/2025\/02\/476805876_927191156293492_4733413007249005504_n-1.jpg\" alt=\"\" class=\"wp-image-14110\" srcset=\"https:\/\/www.lafresca.fm\/f-solosog\/2025\/02\/476805876_927191156293492_4733413007249005504_n-1.jpg 1080w, https:\/\/www.lafresca.fm\/f-solosog\/2025\/02\/476805876_927191156293492_4733413007249005504_n-1-770x578.jpg 770w, https:\/\/www.lafresca.fm\/f-solosog\/2025\/02\/476805876_927191156293492_4733413007249005504_n-1-768x576.jpg 768w\" sizes=\"(max-width: 1080px) 100vw, 1080px\" \/><\/figure>\n<\/figure>\n<script>function PlayerjsAsync(){} if(window[\"Playerjs\"]){PlayerjsAsync();}<\/script>","protected":false},"excerpt":{"rendered":"<p>La 4\u00aa Marcha Solidaria Contra el C\u00e1ncer de Onil se celebr\u00f3 este fin de semana con un rotundo \u00e9xito, superando todas las expectativas de participaci\u00f3n. Con un total de 1302 inscritos, m\u00e1s de 1300 personas se unieron para recorrer el municipio de Onil en un evento que, una vez m\u00e1s, ...<\/p>\n","protected":false},"author":2,"featured_media":14108,"comment_status":"closed","ping_status":"closed","sticky":false,"template":"","format":"standard","meta":{"_monsterinsights_skip_tracking":false,"_monsterinsights_sitenote_active":false,"_monsterinsights_sitenote_note":"","_monsterinsights_sitenote_category":0,"footnotes":""},"categories":[4],"tags":[],"class_list":["post-14107","post","type-post","status-publish","format-standard","has-post-thumbnail","hentry","category-alicante"],"aioseo_notices":[],"_links":{"self":[{"href":"https:\/\/www.lafresca.fm\/fresca-api-json\/wp\/v2\/posts\/14107","targetHints":{"allow":["GET"]}}],"collection":[{"href":"https:\/\/www.lafresca.fm\/fresca-api-json\/wp\/v2\/posts"}],"about":[{"href":"https:\/\/www.lafresca.fm\/fresca-api-json\/wp\/v2\/types\/post"}],"author":[{"embeddable":true,"href":"https:\/\/www.lafresca.fm\/fresca-api-json\/wp\/v2\/users\/2"}],"replies":[{"embeddable":true,"href":"https:\/\/www.lafresca.fm\/fresca-api-json\/wp\/v2\/comments?post=14107"}],"version-history":[{"count":2,"href":"https:\/\/www.lafresca.fm\/fresca-api-json\/wp\/v2\/posts\/14107\/revisions"}],"predecessor-version":[{"id":14112,"href":"https:\/\/www.lafresca.fm\/fresca-api-json\/wp\/v2\/posts\/14107\/revisions\/14112"}],"wp:featuredmedia":[{"embeddable":true,"href":"https:\/\/www.lafresca.fm\/fresca-api-json\/wp\/v2\/media\/14108"}],"wp:attachment":[{"href":"https:\/\/www.lafresca.fm\/fresca-api-json\/wp\/v2\/media?parent=14107"}],"wp:term":[{"taxonomy":"category","embeddable":true,"href":"https:\/\/www.lafresca.fm\/fresca-api-json\/wp\/v2\/categories?post=14107"},{"taxonomy":"post_tag","embeddable":true,"href":"https:\/\/www.lafresca.fm\/fresca-api-json\/wp\/v2\/tags?post=14107"}],"curies":[{"name":"wp","href":"https:\/\/api.w.org\/{rel}","templated":true}]}}