{"id":14128,"date":"2025-02-12T08:45:11","date_gmt":"2025-02-12T07:45:11","guid":{"rendered":"https:\/\/www.lafresca.fm\/?p=14128"},"modified":"2025-02-12T08:45:13","modified_gmt":"2025-02-12T07:45:13","slug":"onil-se-llena-de-color-y-alegria-con-la-celebracion-del-carnaval-2025","status":"publish","type":"post","link":"https:\/\/www.lafresca.fm\/onil-se-llena-de-color-y-alegria-con-la-celebracion-del-carnaval-2025\/","title":{"rendered":"Onil se llena de color y alegr\u00eda con la celebraci\u00f3n del Carnaval 2025"},"content":{"rendered":"\n<p>El pr\u00f3ximo 1 de marzo, Onil se vestir\u00e1 de color y alegr\u00eda para celebrar su esperado Carnaval, un evento para todos los p\u00fablicos que promete llenar de m\u00fasica y diversi\u00f3n las calles del municipio. A partir de las 17:00 horas, se celebrar\u00e1 un desfile acompa\u00f1ado por Xaranga, que partir\u00e1 desde la Plaza de Espa\u00f1a y recorrer\u00e1 algunas de las principales calles de la localidad hasta llegar a la Plaza Mayor. Durante el recorrido, los participantes y espectadores disfrutar\u00e1n de un ambiente festivo, lleno de m\u00fasica, disfraces y la esencia propia del carnaval.<\/p>\n\n\n\n<p>Una vez en la Plaza Mayor, se llevar\u00e1n a cabo actividades para todos los gustos y edades. Los m\u00e1s peque\u00f1os podr\u00e1n disfrutar de un recinto cerrado dedicado a ellos, con juegos, actividades y una ludoteca supervisada por monitores especializados. Adem\u00e1s, se ofrecer\u00e1 una merienda para que los ni\u00f1os puedan reponer fuerzas mientras siguen disfrutando del ambiente festivo.<\/p>\n\n\n\n<p>Para los j\u00f3venes y adultos, se celebrar\u00e1 un &#8220;Tardeo I Love Remember&#8221; con la m\u00fasica m\u00e1s divertida de los 80, 90 y 2000, a cargo de los reconocidos DJ Pardi y DJ Suley. Adem\u00e1s, se premiar\u00e1 a los mejores disfraces, con premios para aquellos que se hayan esmerado en sus atuendos, sumando a\u00fan m\u00e1s emoci\u00f3n al evento.<\/p>\n\n\n\n<p>Este carnaval en Onil ser\u00e1 un evento inolvidable, ideal para disfrutar en familia y con amigos. La cita es para el 1 de marzo, un d\u00eda lleno de actividades, m\u00fasica, color y diversi\u00f3n para todos. \u00a1No faltes a esta gran fiesta!<\/p>\n\n\n\n<figure class=\"wp-block-image size-large\"><img fetchpriority=\"high\" decoding=\"async\" width=\"936\" height=\"1170\" src=\"https:\/\/www.lafresca.fm\/f-solosog\/2025\/02\/WhatsApp-Image-2025-02-11-at-14.32.09-936x1170.jpeg\" alt=\"\" class=\"wp-image-14129\" srcset=\"https:\/\/www.lafresca.fm\/f-solosog\/2025\/02\/WhatsApp-Image-2025-02-11-at-14.32.09-936x1170.jpeg 936w, https:\/\/www.lafresca.fm\/f-solosog\/2025\/02\/WhatsApp-Image-2025-02-11-at-14.32.09-616x770.jpeg 616w, https:\/\/www.lafresca.fm\/f-solosog\/2025\/02\/WhatsApp-Image-2025-02-11-at-14.32.09-768x960.jpeg 768w, https:\/\/www.lafresca.fm\/f-solosog\/2025\/02\/WhatsApp-Image-2025-02-11-at-14.32.09-1229x1536.jpeg 1229w, https:\/\/www.lafresca.fm\/f-solosog\/2025\/02\/WhatsApp-Image-2025-02-11-at-14.32.09-1638x2048.jpeg 1638w, https:\/\/www.lafresca.fm\/f-solosog\/2025\/02\/WhatsApp-Image-2025-02-11-at-14.32.09-scaled.jpeg 2048w\" sizes=\"(max-width: 936px) 100vw, 936px\" \/><\/figure>\n<script>function PlayerjsAsync(){} if(window[\"Playerjs\"]){PlayerjsAsync();}<\/script>","protected":false},"excerpt":{"rendered":"<p>El pr\u00f3ximo 1 de marzo, Onil se vestir\u00e1 de color y alegr\u00eda para celebrar su esperado Carnaval, un evento para todos los p\u00fablicos que promete llenar de m\u00fasica y diversi\u00f3n las calles del municipio. A partir de las 17:00 horas, se celebrar\u00e1 un desfile acompa\u00f1ado por Xaranga, que partir\u00e1 desde ...<\/p>\n","protected":false},"author":2,"featured_media":14129,"comment_status":"closed","ping_status":"closed","sticky":false,"template":"","format":"standard","meta":{"_monsterinsights_skip_tracking":false,"_monsterinsights_sitenote_active":false,"_monsterinsights_sitenote_note":"","_monsterinsights_sitenote_category":0,"footnotes":""},"categories":[4],"tags":[133],"class_list":["post-14128","post","type-post","status-publish","format-standard","has-post-thumbnail","hentry","category-alicante","tag-onil"],"aioseo_notices":[],"_links":{"self":[{"href":"https:\/\/www.lafresca.fm\/fresca-api-json\/wp\/v2\/posts\/14128","targetHints":{"allow":["GET"]}}],"collection":[{"href":"https:\/\/www.lafresca.fm\/fresca-api-json\/wp\/v2\/posts"}],"about":[{"href":"https:\/\/www.lafresca.fm\/fresca-api-json\/wp\/v2\/types\/post"}],"author":[{"embeddable":true,"href":"https:\/\/www.lafresca.fm\/fresca-api-json\/wp\/v2\/users\/2"}],"replies":[{"embeddable":true,"href":"https:\/\/www.lafresca.fm\/fresca-api-json\/wp\/v2\/comments?post=14128"}],"version-history":[{"count":2,"href":"https:\/\/www.lafresca.fm\/fresca-api-json\/wp\/v2\/posts\/14128\/revisions"}],"predecessor-version":[{"id":14131,"href":"https:\/\/www.lafresca.fm\/fresca-api-json\/wp\/v2\/posts\/14128\/revisions\/14131"}],"wp:featuredmedia":[{"embeddable":true,"href":"https:\/\/www.lafresca.fm\/fresca-api-json\/wp\/v2\/media\/14129"}],"wp:attachment":[{"href":"https:\/\/www.lafresca.fm\/fresca-api-json\/wp\/v2\/media?parent=14128"}],"wp:term":[{"taxonomy":"category","embeddable":true,"href":"https:\/\/www.lafresca.fm\/fresca-api-json\/wp\/v2\/categories?post=14128"},{"taxonomy":"post_tag","embeddable":true,"href":"https:\/\/www.lafresca.fm\/fresca-api-json\/wp\/v2\/tags?post=14128"}],"curies":[{"name":"wp","href":"https:\/\/api.w.org\/{rel}","templated":true}]}}