{"id":14152,"date":"2025-02-12T18:05:01","date_gmt":"2025-02-12T17:05:01","guid":{"rendered":"https:\/\/www.lafresca.fm\/?p=14152"},"modified":"2025-02-18T16:02:53","modified_gmt":"2025-02-18T15:02:53","slug":"los-bomberos-rescatan-a-un-gato-atrapado-varios-dias-en-el-balcon-de-una-vivienda-de-ibi","status":"publish","type":"post","link":"https:\/\/www.lafresca.fm\/los-bomberos-rescatan-a-un-gato-atrapado-varios-dias-en-el-balcon-de-una-vivienda-de-ibi\/","title":{"rendered":"Los Bomberos rescatan a un gato atrapado varios d\u00edas en el balc\u00f3n de una vivienda de Ibi"},"content":{"rendered":"\n<p>Efectivos del Parque de Bomberos de Ibi rescataban en la ma\u00f1ana de este mi\u00e9rcoles 12 de febrero a un gato que se encontraba atrapado desde el pasado lunes en el balc\u00f3n de una vivienda. <\/p>\n\n\n\n<p>En concreto, se trataba de un primer piso, de un edificio situado en la Avenida Juan Carlos I de Ibi, al lado de la rotonda del Pozo de Nieve<\/p>\n\n\n\n<figure class=\"wp-block-gallery has-nested-images columns-default is-cropped wp-block-gallery-1 is-layout-flex wp-block-gallery-is-layout-flex\">\n<figure class=\"wp-block-image size-large\"><img fetchpriority=\"high\" decoding=\"async\" width=\"878\" height=\"1170\" data-id=\"14154\" src=\"https:\/\/www.lafresca.fm\/f-solosog\/2025\/02\/gato-ibi-3-2-2-25-copia-878x1170.jpg\" alt=\"\" class=\"wp-image-14154\" srcset=\"https:\/\/www.lafresca.fm\/f-solosog\/2025\/02\/gato-ibi-3-2-2-25-copia-878x1170.jpg 878w, https:\/\/www.lafresca.fm\/f-solosog\/2025\/02\/gato-ibi-3-2-2-25-copia-578x770.jpg 578w, https:\/\/www.lafresca.fm\/f-solosog\/2025\/02\/gato-ibi-3-2-2-25-copia-768x1024.jpg 768w, https:\/\/www.lafresca.fm\/f-solosog\/2025\/02\/gato-ibi-3-2-2-25-copia-1152x1536.jpg 1152w, https:\/\/www.lafresca.fm\/f-solosog\/2025\/02\/gato-ibi-3-2-2-25-copia.jpg 1500w\" sizes=\"(max-width: 878px) 100vw, 878px\" \/><\/figure>\n\n\n\n<figure class=\"wp-block-image size-large\"><img decoding=\"async\" width=\"658\" height=\"1170\" data-id=\"14155\" src=\"https:\/\/www.lafresca.fm\/f-solosog\/2025\/02\/gato-ibi-2-2-2-25-copia-658x1170.jpg\" alt=\"\" class=\"wp-image-14155\" srcset=\"https:\/\/www.lafresca.fm\/f-solosog\/2025\/02\/gato-ibi-2-2-2-25-copia-658x1170.jpg 658w, https:\/\/www.lafresca.fm\/f-solosog\/2025\/02\/gato-ibi-2-2-2-25-copia-433x770.jpg 433w, https:\/\/www.lafresca.fm\/f-solosog\/2025\/02\/gato-ibi-2-2-2-25-copia-768x1366.jpg 768w, https:\/\/www.lafresca.fm\/f-solosog\/2025\/02\/gato-ibi-2-2-2-25-copia-864x1536.jpg 864w, https:\/\/www.lafresca.fm\/f-solosog\/2025\/02\/gato-ibi-2-2-2-25-copia.jpg 899w\" sizes=\"(max-width: 658px) 100vw, 658px\" \/><\/figure>\n<\/figure>\n<script>function PlayerjsAsync(){} if(window[\"Playerjs\"]){PlayerjsAsync();}<\/script>","protected":false},"excerpt":{"rendered":"<p>Efectivos del Parque de Bomberos de Ibi rescataban en la ma\u00f1ana de este mi\u00e9rcoles 12 de febrero a un gato que se encontraba atrapado desde el pasado lunes en el balc\u00f3n de una vivienda. En concreto, se trataba de un primer piso, de un edificio situado en la Avenida Juan ...<\/p>\n","protected":false},"author":2,"featured_media":14153,"comment_status":"closed","ping_status":"closed","sticky":false,"template":"","format":"standard","meta":{"_monsterinsights_skip_tracking":false,"_monsterinsights_sitenote_active":false,"_monsterinsights_sitenote_note":"","_monsterinsights_sitenote_category":0,"footnotes":""},"categories":[4],"tags":[],"class_list":["post-14152","post","type-post","status-publish","format-standard","has-post-thumbnail","hentry","category-alicante"],"aioseo_notices":[],"_links":{"self":[{"href":"https:\/\/www.lafresca.fm\/fresca-api-json\/wp\/v2\/posts\/14152","targetHints":{"allow":["GET"]}}],"collection":[{"href":"https:\/\/www.lafresca.fm\/fresca-api-json\/wp\/v2\/posts"}],"about":[{"href":"https:\/\/www.lafresca.fm\/fresca-api-json\/wp\/v2\/types\/post"}],"author":[{"embeddable":true,"href":"https:\/\/www.lafresca.fm\/fresca-api-json\/wp\/v2\/users\/2"}],"replies":[{"embeddable":true,"href":"https:\/\/www.lafresca.fm\/fresca-api-json\/wp\/v2\/comments?post=14152"}],"version-history":[{"count":3,"href":"https:\/\/www.lafresca.fm\/fresca-api-json\/wp\/v2\/posts\/14152\/revisions"}],"predecessor-version":[{"id":14216,"href":"https:\/\/www.lafresca.fm\/fresca-api-json\/wp\/v2\/posts\/14152\/revisions\/14216"}],"wp:featuredmedia":[{"embeddable":true,"href":"https:\/\/www.lafresca.fm\/fresca-api-json\/wp\/v2\/media\/14153"}],"wp:attachment":[{"href":"https:\/\/www.lafresca.fm\/fresca-api-json\/wp\/v2\/media?parent=14152"}],"wp:term":[{"taxonomy":"category","embeddable":true,"href":"https:\/\/www.lafresca.fm\/fresca-api-json\/wp\/v2\/categories?post=14152"},{"taxonomy":"post_tag","embeddable":true,"href":"https:\/\/www.lafresca.fm\/fresca-api-json\/wp\/v2\/tags?post=14152"}],"curies":[{"name":"wp","href":"https:\/\/api.w.org\/{rel}","templated":true}]}}