{"id":14160,"date":"2025-02-13T12:40:32","date_gmt":"2025-02-13T11:40:32","guid":{"rendered":"https:\/\/www.lafresca.fm\/?p=14160"},"modified":"2025-02-13T12:42:06","modified_gmt":"2025-02-13T11:42:06","slug":"lespai-con-sergio-carrasco-alcalde-de-ibi","status":"publish","type":"post","link":"https:\/\/www.lafresca.fm\/lespai-con-sergio-carrasco-alcalde-de-ibi\/","title":{"rendered":"L&#8217;Espai con Sergio Carrasco, alcalde de Ibi"},"content":{"rendered":"\n<p>\ud835\udc0b\u2019\ud835\udc04\ud835\udc2c\ud835\udc29\ud835\udc1a\ud835\udc22 con Rosana Guill.\u00a0Un programa que nos acerca las tradiciones, cultura, m\u00fasica y gente de los pueblos de nuestra comarca.<\/p>\n\n\n\n<p>Tratamos lo siguientes temas: <\/p>\n\n\n\n<ul class=\"wp-block-list\">\n<li>Dia dels Gelador (15 y 16 de febrero). El ayuntamiento crear\u00e1 la denominaci\u00f3n de origen del helado ibense para reconocer a la industria y la tradici\u00f3n heladera del municipio. <\/li>\n\n\n\n<li>Carnavales 2025 (1 de marzo) <\/li>\n\n\n\n<li>D\u00eda de la Mujer (8 de marzo)<\/li>\n\n\n\n<li>Concurso Solidario de Puzzles a beneficio de los afectados por la DANA (15 de marzo) <\/li>\n<\/ul>\n\n\n\n<figure class=\"wp-block-audio\"><audio controls src=\"https:\/\/www.lafresca.fm\/f-solosog\/2025\/02\/LESPAI-Sergio-carrasco-Ibi-13-2-25-OK.mp3\"><\/audio><\/figure>\n\n\n\n<figure class=\"wp-block-image size-large\"><img fetchpriority=\"high\" decoding=\"async\" width=\"1170\" height=\"878\" src=\"https:\/\/www.lafresca.fm\/f-solosog\/2025\/02\/alcalde-de-ibi-13-2-25-1170x878.jpeg\" alt=\"\" class=\"wp-image-14162\" srcset=\"https:\/\/www.lafresca.fm\/f-solosog\/2025\/02\/alcalde-de-ibi-13-2-25-1170x878.jpeg 1170w, https:\/\/www.lafresca.fm\/f-solosog\/2025\/02\/alcalde-de-ibi-13-2-25-770x578.jpeg 770w, https:\/\/www.lafresca.fm\/f-solosog\/2025\/02\/alcalde-de-ibi-13-2-25-768x576.jpeg 768w, https:\/\/www.lafresca.fm\/f-solosog\/2025\/02\/alcalde-de-ibi-13-2-25-1536x1152.jpeg 1536w, https:\/\/www.lafresca.fm\/f-solosog\/2025\/02\/alcalde-de-ibi-13-2-25.jpeg 2000w\" sizes=\"(max-width: 1170px) 100vw, 1170px\" \/><\/figure>\n<script>function PlayerjsAsync(){} if(window[\"Playerjs\"]){PlayerjsAsync();}<\/script>","protected":false},"excerpt":{"rendered":"<p>\ud835\udc0b\u2019\ud835\udc04\ud835\udc2c\ud835\udc29\ud835\udc1a\ud835\udc22 con Rosana Guill.\u00a0Un programa que nos acerca las tradiciones, cultura, m\u00fasica y gente de los pueblos de nuestra comarca. Tratamos lo siguientes temas:<\/p>\n","protected":false},"author":2,"featured_media":14162,"comment_status":"closed","ping_status":"closed","sticky":false,"template":"","format":"standard","meta":{"_monsterinsights_skip_tracking":false,"_monsterinsights_sitenote_active":false,"_monsterinsights_sitenote_note":"","_monsterinsights_sitenote_category":0,"footnotes":""},"categories":[4],"tags":[128],"class_list":["post-14160","post","type-post","status-publish","format-standard","has-post-thumbnail","hentry","category-alicante","tag-ibi"],"aioseo_notices":[],"_links":{"self":[{"href":"https:\/\/www.lafresca.fm\/fresca-api-json\/wp\/v2\/posts\/14160","targetHints":{"allow":["GET"]}}],"collection":[{"href":"https:\/\/www.lafresca.fm\/fresca-api-json\/wp\/v2\/posts"}],"about":[{"href":"https:\/\/www.lafresca.fm\/fresca-api-json\/wp\/v2\/types\/post"}],"author":[{"embeddable":true,"href":"https:\/\/www.lafresca.fm\/fresca-api-json\/wp\/v2\/users\/2"}],"replies":[{"embeddable":true,"href":"https:\/\/www.lafresca.fm\/fresca-api-json\/wp\/v2\/comments?post=14160"}],"version-history":[{"count":3,"href":"https:\/\/www.lafresca.fm\/fresca-api-json\/wp\/v2\/posts\/14160\/revisions"}],"predecessor-version":[{"id":14166,"href":"https:\/\/www.lafresca.fm\/fresca-api-json\/wp\/v2\/posts\/14160\/revisions\/14166"}],"wp:featuredmedia":[{"embeddable":true,"href":"https:\/\/www.lafresca.fm\/fresca-api-json\/wp\/v2\/media\/14162"}],"wp:attachment":[{"href":"https:\/\/www.lafresca.fm\/fresca-api-json\/wp\/v2\/media?parent=14160"}],"wp:term":[{"taxonomy":"category","embeddable":true,"href":"https:\/\/www.lafresca.fm\/fresca-api-json\/wp\/v2\/categories?post=14160"},{"taxonomy":"post_tag","embeddable":true,"href":"https:\/\/www.lafresca.fm\/fresca-api-json\/wp\/v2\/tags?post=14160"}],"curies":[{"name":"wp","href":"https:\/\/api.w.org\/{rel}","templated":true}]}}