{"id":14244,"date":"2025-02-20T08:36:50","date_gmt":"2025-02-20T07:36:50","guid":{"rendered":"https:\/\/www.lafresca.fm\/?p=14244"},"modified":"2025-02-20T09:40:15","modified_gmt":"2025-02-20T08:40:15","slug":"80-autocaravanas-se-dieron-cita-en-onil-del-14-al-16-de-febrero","status":"publish","type":"post","link":"https:\/\/www.lafresca.fm\/80-autocaravanas-se-dieron-cita-en-onil-del-14-al-16-de-febrero\/","title":{"rendered":"80 autocaravanas se dieron cita en Onil del 14 al 16 de febrero"},"content":{"rendered":"\n<p>El pasado fin de semana, del 14 al 16 de febrero, Onil acogi\u00f3 con entusiasmo la quedada anual de ACAV, la Asociaci\u00f3n de Autocaravanas de Valencia. M\u00e1s de 160 personas y m\u00e1s de 80 autocaravanas se dieron cita en nuestro municipio para disfrutar de un magn\u00edfico fin de semana lleno de cultura, tradici\u00f3n e historia.<\/p>\n\n\n\n<figure class=\"wp-block-image size-large\"><img fetchpriority=\"high\" decoding=\"async\" width=\"1170\" height=\"878\" src=\"https:\/\/www.lafresca.fm\/f-solosog\/2025\/02\/WhatsApp-Image-2025-02-19-at-19.12.55-1170x878.jpeg\" alt=\"\" class=\"wp-image-14245\" srcset=\"https:\/\/www.lafresca.fm\/f-solosog\/2025\/02\/WhatsApp-Image-2025-02-19-at-19.12.55-1170x878.jpeg 1170w, https:\/\/www.lafresca.fm\/f-solosog\/2025\/02\/WhatsApp-Image-2025-02-19-at-19.12.55-770x578.jpeg 770w, https:\/\/www.lafresca.fm\/f-solosog\/2025\/02\/WhatsApp-Image-2025-02-19-at-19.12.55-768x576.jpeg 768w, https:\/\/www.lafresca.fm\/f-solosog\/2025\/02\/WhatsApp-Image-2025-02-19-at-19.12.55-1536x1152.jpeg 1536w, https:\/\/www.lafresca.fm\/f-solosog\/2025\/02\/WhatsApp-Image-2025-02-19-at-19.12.55.jpeg 1600w\" sizes=\"(max-width: 1170px) 100vw, 1170px\" \/><\/figure>\n\n\n\n<p>Durante su estancia, los participantes tuvieron la oportunidad de conocer y visitar los museos locales, sumergirse en la historia y tradiciones de Onil, descubrir su industria y degustar su exquisita gastronom\u00eda. Este tipo de encuentros no solo enriquecen la oferta tur\u00edstica del municipio, sino que tambi\u00e9n suponen un importante impulso econ\u00f3mico para la localidad. Sin generar ning\u00fan gasto para el Ayuntamiento, estas quedadas benefician directamente al comercio local, ya que los visitantes consumen y realizan compras en nuestros establecimientos.<\/p>\n\n\n\n<p>Los turistas se marcharon gratamente sorprendidos por la belleza de Onil y la hospitalidad de su gente, destacando la calidad de la oferta cultural y gastron\u00f3mica del municipio. Desde el Ayuntamiento de Onil, seguimos apostando firmemente por este tipo de turismo sostenible, que dinamiza la econom\u00eda local y pone en valor nuestro patrimonio.<\/p>\n<script>function PlayerjsAsync(){} if(window[\"Playerjs\"]){PlayerjsAsync();}<\/script>","protected":false},"excerpt":{"rendered":"<p>El pasado fin de semana, del 14 al 16 de febrero, Onil acogi\u00f3 con entusiasmo la quedada anual de ACAV, la Asociaci\u00f3n de Autocaravanas de Valencia. M\u00e1s de 160 personas y m\u00e1s de 80 autocaravanas se dieron cita en nuestro municipio para disfrutar de un magn\u00edfico fin de semana lleno ...<\/p>\n","protected":false},"author":2,"featured_media":14245,"comment_status":"closed","ping_status":"closed","sticky":false,"template":"","format":"standard","meta":{"_monsterinsights_skip_tracking":false,"_monsterinsights_sitenote_active":false,"_monsterinsights_sitenote_note":"","_monsterinsights_sitenote_category":0,"footnotes":""},"categories":[4],"tags":[],"class_list":["post-14244","post","type-post","status-publish","format-standard","has-post-thumbnail","hentry","category-alicante"],"aioseo_notices":[],"_links":{"self":[{"href":"https:\/\/www.lafresca.fm\/fresca-api-json\/wp\/v2\/posts\/14244","targetHints":{"allow":["GET"]}}],"collection":[{"href":"https:\/\/www.lafresca.fm\/fresca-api-json\/wp\/v2\/posts"}],"about":[{"href":"https:\/\/www.lafresca.fm\/fresca-api-json\/wp\/v2\/types\/post"}],"author":[{"embeddable":true,"href":"https:\/\/www.lafresca.fm\/fresca-api-json\/wp\/v2\/users\/2"}],"replies":[{"embeddable":true,"href":"https:\/\/www.lafresca.fm\/fresca-api-json\/wp\/v2\/comments?post=14244"}],"version-history":[{"count":3,"href":"https:\/\/www.lafresca.fm\/fresca-api-json\/wp\/v2\/posts\/14244\/revisions"}],"predecessor-version":[{"id":14256,"href":"https:\/\/www.lafresca.fm\/fresca-api-json\/wp\/v2\/posts\/14244\/revisions\/14256"}],"wp:featuredmedia":[{"embeddable":true,"href":"https:\/\/www.lafresca.fm\/fresca-api-json\/wp\/v2\/media\/14245"}],"wp:attachment":[{"href":"https:\/\/www.lafresca.fm\/fresca-api-json\/wp\/v2\/media?parent=14244"}],"wp:term":[{"taxonomy":"category","embeddable":true,"href":"https:\/\/www.lafresca.fm\/fresca-api-json\/wp\/v2\/categories?post=14244"},{"taxonomy":"post_tag","embeddable":true,"href":"https:\/\/www.lafresca.fm\/fresca-api-json\/wp\/v2\/tags?post=14244"}],"curies":[{"name":"wp","href":"https:\/\/api.w.org\/{rel}","templated":true}]}}