{"id":14252,"date":"2025-02-20T08:50:17","date_gmt":"2025-02-20T07:50:17","guid":{"rendered":"https:\/\/www.lafresca.fm\/?p=14252"},"modified":"2025-02-20T08:50:19","modified_gmt":"2025-02-20T07:50:19","slug":"exposicion-14-fotografos-abstractos-en-torno-a-eusebio-sempere-en-onil","status":"publish","type":"post","link":"https:\/\/www.lafresca.fm\/exposicion-14-fotografos-abstractos-en-torno-a-eusebio-sempere-en-onil\/","title":{"rendered":"Exposici\u00f3n &#8220;14 fot\u00f3grafos abstractos en torno a Eusebio Sempere&#8221; en Onil"},"content":{"rendered":"\n<p>El Ayuntamiento de Onil y el Club Fotogr\u00e1fico de Alicante presentan la exposici\u00f3n &#8220;14 Fot\u00f3grafos Abstractos en torno a Eusebio Sempere&#8221;, un homenaje \u00fanico al reconocido artista colivenc con motivo del centenario de su nacimiento (1923-2023). La muestra se celebrar\u00e1 en el claustro superior del magn\u00edfico Palacio Fortaleza del Marqu\u00e9s de Dos Aguas, un enclave hist\u00f3rico que realza la importancia de este evento cultural.<\/p>\n\n\n\n<p>Por primera vez, catorce fot\u00f3grafos especializados en abstracci\u00f3n visual se unen en una exposici\u00f3n colectiva para reinterpretar los principios de luz, geometr\u00eda y movimiento que definieron la obra de Sempere. Las obras expuestas ofrecen un lenguaje visual puramente abstracto y recogen los trabajos de los miembros del Grupo Abstracta del Club Fotogr\u00e1fico Alicante: Ferran Gos\u00e0lbez, Fernando Fern\u00e1ndez De C\u00f3rdova, Jos\u00e9 Carlos Bernab\u00e9u, Paolo Mascagni, Genoveva Moncho, Julio Escribano, Carlos Javier P\u00e9rez, Ana Casanova, Francisco P\u00e9rez Forte, Ymma, Pepe Rocamora, \u00c1ngeles Gonz\u00e1lez, Fernando Mateo y Pablo Ruiz Carretero.<\/p>\n\n\n\n<figure class=\"wp-block-image size-large\"><img fetchpriority=\"high\" decoding=\"async\" width=\"827\" height=\"1170\" src=\"https:\/\/www.lafresca.fm\/f-solosog\/2025\/02\/Anuncio-Exposicion-ExposicionFotografos-abstractos-en-torno-a-Eusebio-Sempere-ONIL--827x1170.jpg\" alt=\"\" class=\"wp-image-14253\" srcset=\"https:\/\/www.lafresca.fm\/f-solosog\/2025\/02\/Anuncio-Exposicion-ExposicionFotografos-abstractos-en-torno-a-Eusebio-Sempere-ONIL--827x1170.jpg 827w, https:\/\/www.lafresca.fm\/f-solosog\/2025\/02\/Anuncio-Exposicion-ExposicionFotografos-abstractos-en-torno-a-Eusebio-Sempere-ONIL--544x770.jpg 544w, https:\/\/www.lafresca.fm\/f-solosog\/2025\/02\/Anuncio-Exposicion-ExposicionFotografos-abstractos-en-torno-a-Eusebio-Sempere-ONIL--768x1086.jpg 768w, https:\/\/www.lafresca.fm\/f-solosog\/2025\/02\/Anuncio-Exposicion-ExposicionFotografos-abstractos-en-torno-a-Eusebio-Sempere-ONIL--1086x1536.jpg 1086w, https:\/\/www.lafresca.fm\/f-solosog\/2025\/02\/Anuncio-Exposicion-ExposicionFotografos-abstractos-en-torno-a-Eusebio-Sempere-ONIL-.jpg 1414w\" sizes=\"(max-width: 827px) 100vw, 827px\" \/><\/figure>\n\n\n\n<p>Cada una de las piezas exhibidas explora nuevas fronteras est\u00e9ticas, manteniendo la esencia de la obra de Sempere y, a la vez, reflejando la singularidad de cada autor. Esta muestra fotogr\u00e1fica rinde tributo a un artista que marc\u00f3 la historia del arte espa\u00f1ol y que fue distinguido con el Premio Pr\u00edncipe de Asturias de las Bellas Artes en 1983, adem\u00e1s de ser nombrado hijo predilecto de la provincia por la Diputaci\u00f3n Provincial de Alicante, entre otros reconocimientos.<\/p>\n\n\n\n<p>La inauguraci\u00f3n de la exposici\u00f3n tendr\u00e1 lugar el 22 de febrero, coincidiendo con la entrega de premios de la Bienal Eusebio Sempere. Los visitantes podr\u00e1n disfrutar de esta muestra hasta el 5 de mayo en el Palacio Fortaleza del Marqu\u00e9s de Dos Aguas de Onil, en una oportunidad \u00fanica para experimentar la abstracci\u00f3n fotogr\u00e1fica desde una perspectiva innovadora y experimental.<\/p>\n\n\n\n<p>Esta exposici\u00f3n, que anteriormente fue presentada en el Palacio El Portalet de Alicante con gran aceptaci\u00f3n, llega ahora a Onil, el pueblo natal de Eusebio Sempere, donde se espera que tenga una especial relevancia para la localidad y los amantes del arte abstracto.<\/p>\n<script>function PlayerjsAsync(){} if(window[\"Playerjs\"]){PlayerjsAsync();}<\/script>","protected":false},"excerpt":{"rendered":"<p>El Ayuntamiento de Onil y el Club Fotogr\u00e1fico de Alicante presentan la exposici\u00f3n &#8220;14 Fot\u00f3grafos Abstractos en torno a Eusebio Sempere&#8221;, un homenaje \u00fanico al reconocido artista colivenc con motivo del centenario de su nacimiento (1923-2023). La muestra se celebrar\u00e1 en el claustro superior del magn\u00edfico Palacio Fortaleza del Marqu\u00e9s ...<\/p>\n","protected":false},"author":2,"featured_media":14253,"comment_status":"closed","ping_status":"closed","sticky":false,"template":"","format":"standard","meta":{"_monsterinsights_skip_tracking":false,"_monsterinsights_sitenote_active":false,"_monsterinsights_sitenote_note":"","_monsterinsights_sitenote_category":0,"footnotes":""},"categories":[4],"tags":[133],"class_list":["post-14252","post","type-post","status-publish","format-standard","has-post-thumbnail","hentry","category-alicante","tag-onil"],"aioseo_notices":[],"_links":{"self":[{"href":"https:\/\/www.lafresca.fm\/fresca-api-json\/wp\/v2\/posts\/14252","targetHints":{"allow":["GET"]}}],"collection":[{"href":"https:\/\/www.lafresca.fm\/fresca-api-json\/wp\/v2\/posts"}],"about":[{"href":"https:\/\/www.lafresca.fm\/fresca-api-json\/wp\/v2\/types\/post"}],"author":[{"embeddable":true,"href":"https:\/\/www.lafresca.fm\/fresca-api-json\/wp\/v2\/users\/2"}],"replies":[{"embeddable":true,"href":"https:\/\/www.lafresca.fm\/fresca-api-json\/wp\/v2\/comments?post=14252"}],"version-history":[{"count":1,"href":"https:\/\/www.lafresca.fm\/fresca-api-json\/wp\/v2\/posts\/14252\/revisions"}],"predecessor-version":[{"id":14254,"href":"https:\/\/www.lafresca.fm\/fresca-api-json\/wp\/v2\/posts\/14252\/revisions\/14254"}],"wp:featuredmedia":[{"embeddable":true,"href":"https:\/\/www.lafresca.fm\/fresca-api-json\/wp\/v2\/media\/14253"}],"wp:attachment":[{"href":"https:\/\/www.lafresca.fm\/fresca-api-json\/wp\/v2\/media?parent=14252"}],"wp:term":[{"taxonomy":"category","embeddable":true,"href":"https:\/\/www.lafresca.fm\/fresca-api-json\/wp\/v2\/categories?post=14252"},{"taxonomy":"post_tag","embeddable":true,"href":"https:\/\/www.lafresca.fm\/fresca-api-json\/wp\/v2\/tags?post=14252"}],"curies":[{"name":"wp","href":"https:\/\/api.w.org\/{rel}","templated":true}]}}