{"id":14257,"date":"2025-02-20T10:18:11","date_gmt":"2025-02-20T09:18:11","guid":{"rendered":"https:\/\/www.lafresca.fm\/?p=14257"},"modified":"2025-02-20T10:18:13","modified_gmt":"2025-02-20T09:18:13","slug":"ibi-bate-su-record-de-poblacion-con-24-210-habitantes","status":"publish","type":"post","link":"https:\/\/www.lafresca.fm\/ibi-bate-su-record-de-poblacion-con-24-210-habitantes\/","title":{"rendered":"Ibi bate su r\u00e9cord de poblaci\u00f3n con 24.210 habitantes"},"content":{"rendered":"\n<ul class=\"wp-block-list\">\n<li>El municipio ha crecido de manera continuada desde 2015, batiendo en 2024 la cifra registrada en 2009.<\/li>\n<\/ul>\n\n\n\n<p>La poblaci\u00f3n de Ibi sigue en aumento. Esta tendencia, que se ha mantenido constante desde 2015, ha alcanzado su cifra r\u00e9cord en 2024, con 24.210 habitantes. Esto supone un crecimiento de 97 personas con respecto al a\u00f1o anterior, seg\u00fan los datos del Instituto Nacional de Estad\u00edstica (INE). Este nuevo crecimiento de poblaci\u00f3n confirma la tendencia de los \u00faltimos diez a\u00f1os, en los que Ibi ha incorporado un total de 889 habitantes desde 2015, recuperando la poblaci\u00f3n perdida en los peores a\u00f1os de la crisis financiera internacional que dio inicio en 2008. El resultado de poblaci\u00f3n de este \u00faltimo a\u00f1o supera el anterior r\u00e9cord de 2009, cuando se alcanz\u00f3 la cifra de 24.113 habitantes.<\/p>\n\n\n\n<figure class=\"wp-block-image size-large\"><img fetchpriority=\"high\" decoding=\"async\" width=\"1170\" height=\"658\" src=\"https:\/\/www.lafresca.fm\/f-solosog\/2025\/02\/10978931-8398-47e3-9fb4-136b5ec4a7ab_16-9-discover-aspect-ratio_default_0-1170x658.jpg\" alt=\"\" class=\"wp-image-14258\" srcset=\"https:\/\/www.lafresca.fm\/f-solosog\/2025\/02\/10978931-8398-47e3-9fb4-136b5ec4a7ab_16-9-discover-aspect-ratio_default_0-1170x658.jpg 1170w, https:\/\/www.lafresca.fm\/f-solosog\/2025\/02\/10978931-8398-47e3-9fb4-136b5ec4a7ab_16-9-discover-aspect-ratio_default_0-770x433.jpg 770w, https:\/\/www.lafresca.fm\/f-solosog\/2025\/02\/10978931-8398-47e3-9fb4-136b5ec4a7ab_16-9-discover-aspect-ratio_default_0-768x432.jpg 768w, https:\/\/www.lafresca.fm\/f-solosog\/2025\/02\/10978931-8398-47e3-9fb4-136b5ec4a7ab_16-9-discover-aspect-ratio_default_0.jpg 1200w\" sizes=\"(max-width: 1170px) 100vw, 1170px\" \/><\/figure>\n\n\n\n<p>El censo de 2024 contabiliza 12.053 hombres, 108 m\u00e1s que en 2023, y 12.157 mujeres, 182 m\u00e1s que en la anualidad anterior.<\/p>\n\n\n\n<p>El alcalde de Ibi, Sergio Carrasco, considera que la tendencia de crecimiento de la ciudad es fruto de la capacidad de atraer poblaci\u00f3n, gracias a la fortaleza de su sector empresarial, a la calidad de vida que garantiza y a la posici\u00f3n estrat\u00e9gica dentro de la provincia de Alicante.<\/p>\n\n\n\n<p>Para Carrasco, \u201ces necesario seguir trabajando para crear un entorno que favorezca el crecimiento de nuestras empresas, asegurar la competitividad de las actuales, y potenciar la formaci\u00f3n profesional.\u201d El primer edil entiende que \u201cen este compromiso, el municipio en su conjunto debe ir unida, puesto que el \u00fanico objetivo es defender los intereses de Ibi\u201d. Para ello, apunta a la necesidad de aprobar unos presupuestos para 2025, algo que se espera que ocurra antes de finalizar marzo, y cubrir las deficiencias hist\u00f3ricas que sufre el Ayuntamiento de Ibi, en concreto en personal, para lograr mejores servicios, una atenci\u00f3n m\u00e1s r\u00e1pida a la ciudadan\u00eda y disponer recursos humanos para impulsar proyectos estrat\u00e9gicos.<\/p>\n<script>function PlayerjsAsync(){} if(window[\"Playerjs\"]){PlayerjsAsync();}<\/script>","protected":false},"excerpt":{"rendered":"<p>La poblaci\u00f3n de Ibi sigue en aumento. Esta tendencia, que se ha mantenido constante desde 2015, ha alcanzado su cifra r\u00e9cord en 2024, con 24.210 habitantes. Esto supone un crecimiento de 97 personas con respecto al a\u00f1o anterior, seg\u00fan los datos del Instituto Nacional de Estad\u00edstica (INE). Este nuevo crecimiento ...<\/p>\n","protected":false},"author":2,"featured_media":14258,"comment_status":"closed","ping_status":"closed","sticky":false,"template":"","format":"standard","meta":{"_monsterinsights_skip_tracking":false,"_monsterinsights_sitenote_active":false,"_monsterinsights_sitenote_note":"","_monsterinsights_sitenote_category":0,"footnotes":""},"categories":[4],"tags":[128],"class_list":["post-14257","post","type-post","status-publish","format-standard","has-post-thumbnail","hentry","category-alicante","tag-ibi"],"aioseo_notices":[],"_links":{"self":[{"href":"https:\/\/www.lafresca.fm\/fresca-api-json\/wp\/v2\/posts\/14257","targetHints":{"allow":["GET"]}}],"collection":[{"href":"https:\/\/www.lafresca.fm\/fresca-api-json\/wp\/v2\/posts"}],"about":[{"href":"https:\/\/www.lafresca.fm\/fresca-api-json\/wp\/v2\/types\/post"}],"author":[{"embeddable":true,"href":"https:\/\/www.lafresca.fm\/fresca-api-json\/wp\/v2\/users\/2"}],"replies":[{"embeddable":true,"href":"https:\/\/www.lafresca.fm\/fresca-api-json\/wp\/v2\/comments?post=14257"}],"version-history":[{"count":2,"href":"https:\/\/www.lafresca.fm\/fresca-api-json\/wp\/v2\/posts\/14257\/revisions"}],"predecessor-version":[{"id":14260,"href":"https:\/\/www.lafresca.fm\/fresca-api-json\/wp\/v2\/posts\/14257\/revisions\/14260"}],"wp:featuredmedia":[{"embeddable":true,"href":"https:\/\/www.lafresca.fm\/fresca-api-json\/wp\/v2\/media\/14258"}],"wp:attachment":[{"href":"https:\/\/www.lafresca.fm\/fresca-api-json\/wp\/v2\/media?parent=14257"}],"wp:term":[{"taxonomy":"category","embeddable":true,"href":"https:\/\/www.lafresca.fm\/fresca-api-json\/wp\/v2\/categories?post=14257"},{"taxonomy":"post_tag","embeddable":true,"href":"https:\/\/www.lafresca.fm\/fresca-api-json\/wp\/v2\/tags?post=14257"}],"curies":[{"name":"wp","href":"https:\/\/api.w.org\/{rel}","templated":true}]}}