{"id":14282,"date":"2025-02-21T09:55:59","date_gmt":"2025-02-21T08:55:59","guid":{"rendered":"https:\/\/www.lafresca.fm\/?p=14282"},"modified":"2025-02-21T09:56:00","modified_gmt":"2025-02-21T08:56:00","slug":"la-bienal-eusebio-sempere-de-onil-entregara-sus-premios-este-sabado-22-de-febrero","status":"publish","type":"post","link":"https:\/\/www.lafresca.fm\/la-bienal-eusebio-sempere-de-onil-entregara-sus-premios-este-sabado-22-de-febrero\/","title":{"rendered":"La Bienal Eusebio Sempere de Onil entregar\u00e1 sus premios este s\u00e1bado 22 de febrero"},"content":{"rendered":"\n<p>El pr\u00f3ximo S\u00e1bado 22 de febrero, a las 12:00 horas, el Palacio Fortaleza del Marqu\u00e9s de Dos Aguas ser\u00e1 el escenario de la entrega de premios de la Bienal de Eusebio Sempere, un acto en el que, adem\u00e1s de reconocer el talento de los galardonados, se rendir\u00e1 homenaje a la figura de este ic\u00f3nico pintor y escultor de Onil.<br>Durante el evento, se har\u00e1 entrega del premio a la obra ganadora, junto con varias menciones especiales.<\/p>\n\n\n\n<p>La ceremonia contar\u00e1 con la participaci\u00f3n musical del grupo &#8220;Camerata Aitana&#8221;, que interpretar\u00e1 diferentes piezas a lo largo del acto, proporcionando un ambiente \u00fanico y evocador.<\/p>\n\n\n\n<figure class=\"wp-block-image size-large\"><img fetchpriority=\"high\" decoding=\"async\" width=\"827\" height=\"1170\" src=\"https:\/\/www.lafresca.fm\/f-solosog\/2025\/02\/Exposicion-de-la-bienal-de-pintura-Eusebio-Sempere-2024-2025-2-827x1170.png\" alt=\"\" class=\"wp-image-14283\" srcset=\"https:\/\/www.lafresca.fm\/f-solosog\/2025\/02\/Exposicion-de-la-bienal-de-pintura-Eusebio-Sempere-2024-2025-2-827x1170.png 827w, https:\/\/www.lafresca.fm\/f-solosog\/2025\/02\/Exposicion-de-la-bienal-de-pintura-Eusebio-Sempere-2024-2025-2-544x770.png 544w, https:\/\/www.lafresca.fm\/f-solosog\/2025\/02\/Exposicion-de-la-bienal-de-pintura-Eusebio-Sempere-2024-2025-2-768x1086.png 768w, https:\/\/www.lafresca.fm\/f-solosog\/2025\/02\/Exposicion-de-la-bienal-de-pintura-Eusebio-Sempere-2024-2025-2-1086x1536.png 1086w, https:\/\/www.lafresca.fm\/f-solosog\/2025\/02\/Exposicion-de-la-bienal-de-pintura-Eusebio-Sempere-2024-2025-2.png 1414w\" sizes=\"(max-width: 827px) 100vw, 827px\" \/><\/figure>\n\n\n\n<p>Uno de los momentos m\u00e1s especiales ser\u00e1 la lectura de poemas escritos por el propio Eusebio Sempere. Esta emotiva intervenci\u00f3n estar\u00e1 a cargo de Roberto Catal\u00e1, ganador de la \u00faltima bienal de Carlos Sahag\u00fan, quien dar\u00e1 voz a las palabras del c\u00e9lebre artista.<\/p>\n\n\n\n<p>Tras la entrega de premios, se inaugurar\u00e1 la exposici\u00f3n &#8220;14 fot\u00f3grafos abstractos en torno a Eusebio Sempere&#8221;, una muestra organizada por el Club Fotogr\u00e1fico Alicante. Esta exposici\u00f3n busca resaltar la esencia y el legado art\u00edstico de Sempere a trav\u00e9s de la visi\u00f3n de destacados fot\u00f3grafos.<\/p>\n\n\n\n<p>Este evento promete ser una celebraci\u00f3n del arte y la creatividad, rindiendo tributo a la obra y la influencia de uno de los grandes nombres del arte abstracto en Espa\u00f1a.<\/p>\n<script>function PlayerjsAsync(){} if(window[\"Playerjs\"]){PlayerjsAsync();}<\/script>","protected":false},"excerpt":{"rendered":"<p>El pr\u00f3ximo S\u00e1bado 22 de febrero, a las 12:00 horas, el Palacio Fortaleza del Marqu\u00e9s de Dos Aguas ser\u00e1 el escenario de la entrega de premios de la Bienal de Eusebio Sempere, un acto en el que, adem\u00e1s de reconocer el talento de los galardonados, se rendir\u00e1 homenaje a la ...<\/p>\n","protected":false},"author":2,"featured_media":14283,"comment_status":"closed","ping_status":"closed","sticky":false,"template":"","format":"standard","meta":{"_monsterinsights_skip_tracking":false,"_monsterinsights_sitenote_active":false,"_monsterinsights_sitenote_note":"","_monsterinsights_sitenote_category":0,"footnotes":""},"categories":[4],"tags":[133],"class_list":["post-14282","post","type-post","status-publish","format-standard","has-post-thumbnail","hentry","category-alicante","tag-onil"],"aioseo_notices":[],"_links":{"self":[{"href":"https:\/\/www.lafresca.fm\/fresca-api-json\/wp\/v2\/posts\/14282","targetHints":{"allow":["GET"]}}],"collection":[{"href":"https:\/\/www.lafresca.fm\/fresca-api-json\/wp\/v2\/posts"}],"about":[{"href":"https:\/\/www.lafresca.fm\/fresca-api-json\/wp\/v2\/types\/post"}],"author":[{"embeddable":true,"href":"https:\/\/www.lafresca.fm\/fresca-api-json\/wp\/v2\/users\/2"}],"replies":[{"embeddable":true,"href":"https:\/\/www.lafresca.fm\/fresca-api-json\/wp\/v2\/comments?post=14282"}],"version-history":[{"count":2,"href":"https:\/\/www.lafresca.fm\/fresca-api-json\/wp\/v2\/posts\/14282\/revisions"}],"predecessor-version":[{"id":14285,"href":"https:\/\/www.lafresca.fm\/fresca-api-json\/wp\/v2\/posts\/14282\/revisions\/14285"}],"wp:featuredmedia":[{"embeddable":true,"href":"https:\/\/www.lafresca.fm\/fresca-api-json\/wp\/v2\/media\/14283"}],"wp:attachment":[{"href":"https:\/\/www.lafresca.fm\/fresca-api-json\/wp\/v2\/media?parent=14282"}],"wp:term":[{"taxonomy":"category","embeddable":true,"href":"https:\/\/www.lafresca.fm\/fresca-api-json\/wp\/v2\/categories?post=14282"},{"taxonomy":"post_tag","embeddable":true,"href":"https:\/\/www.lafresca.fm\/fresca-api-json\/wp\/v2\/tags?post=14282"}],"curies":[{"name":"wp","href":"https:\/\/api.w.org\/{rel}","templated":true}]}}