{"id":14302,"date":"2025-02-24T08:33:02","date_gmt":"2025-02-24T07:33:02","guid":{"rendered":"https:\/\/www.lafresca.fm\/?p=14302"},"modified":"2025-02-24T08:33:05","modified_gmt":"2025-02-24T07:33:05","slug":"el-ibense-javier-roca-junto-al-valenciano-dario-muguruza-ganan-el-vii-rallye-hivern-san-vicente-del-raspeig-costa-blanca-2025","status":"publish","type":"post","link":"https:\/\/www.lafresca.fm\/el-ibense-javier-roca-junto-al-valenciano-dario-muguruza-ganan-el-vii-rallye-hivern-san-vicente-del-raspeig-costa-blanca-2025\/","title":{"rendered":"El ibense Javier Roca junto al valenciano Dar\u00edo Muguruza ganan el \u201cVII Rallye Hivern San Vicente del Raspeig Costa Blanca 2025\u201d"},"content":{"rendered":"\n<p>El ibense Javier Roca junto al valenciano Dar\u00edo Muguruza ganan el \u201cVII Rallye Hivern San Vicente del Raspeig Costa Blanca 2025\u201d en la categor\u00eda con Instrumentos <\/p>\n\n\n\n<p>La jornada del s\u00e1bado 22 de febrero consisti\u00f3 en dos eventos para veh\u00edculos con m\u00e1s de 25 a\u00f1os de antig\u00fcedad.<\/p>\n\n\n\n<p>El \u201cVII Rallye Hivern San Vicente del Raspeig Costa Blanca 2025\u201d, primera prueba puntuable de la temporada para el Trofeo de Regularidad de la Comunidad Valenciana (TRCV), y la \u201c2\u00aa Concentraci\u00f3n de <a><\/a>Cl\u00e1sicos e Hist\u00f3ricos de San Vicente del Raspeig\u201d, abierto a cualquier veh\u00edculo que cumpliese dicha edad y con inscripci\u00f3n totalmente gratuita.<\/p>\n\n\n\n<p>En una jornada en que la climatolog\u00eda acompa\u00f1\u00f3, a pesar de la constante amenaza de lluvia que hubo, permiti\u00f3 que se desarrollaran de forma satisfactoria ambos eventos, en los dos recintos contiguos preparados para cada evento en la ciudad de San Vicente, que acogieron a todos los participantes y fueron elogiados por su configuraci\u00f3n y amplitud, qu\u00e9, desde primera hora de la ma\u00f1ana, se comenzaron a llenar, hasta su m\u00e1xima ocupaci\u00f3n, por los participantes de ambos acontecimientos.<\/p>\n\n\n\n<p>En la Categor\u00eda Con Instrumentos, hubo una lucha preciosa entre los habituales del Trofeo de Regularidad de la Comunidad Valenciana, y que finalmente se finaliz\u00f3 con un p\u00f3dium formado en primer lugar por el vigente hexacampe\u00f3n de regularidad del 2024, el valenciano Dar\u00edo Muguruza con su Porsche 911 Carrera de 1986, quien para esta ocasi\u00f3n era de nuevo copilotado por el ibense Javier Roca, seguidos por los campeones de Castilla La Mancha de Regularidad, la pareja de Albacete formada por Fco. Javier Corredor y Jos\u00e9 Javier L\u00f3pez con el precioso Seat Toledo de 1991, y lo cerraba otra pareja habitual de los p\u00f3diums del TRCV, los valencianos Javi Cervera y su mujer Caty Pineda a bordo del fiel VW Golf GTI del a\u00f1o 1990.<\/p>\n\n\n\n<figure class=\"wp-block-image size-full\"><img fetchpriority=\"high\" decoding=\"async\" width=\"1080\" height=\"1125\" src=\"https:\/\/www.lafresca.fm\/f-solosog\/2025\/02\/481212715_936600005352607_7487328364608797722_n.jpg\" alt=\"\" class=\"wp-image-14303\" srcset=\"https:\/\/www.lafresca.fm\/f-solosog\/2025\/02\/481212715_936600005352607_7487328364608797722_n.jpg 1080w, https:\/\/www.lafresca.fm\/f-solosog\/2025\/02\/481212715_936600005352607_7487328364608797722_n-739x770.jpg 739w, https:\/\/www.lafresca.fm\/f-solosog\/2025\/02\/481212715_936600005352607_7487328364608797722_n-768x800.jpg 768w\" sizes=\"(max-width: 1080px) 100vw, 1080px\" \/><\/figure>\n<script>function PlayerjsAsync(){} if(window[\"Playerjs\"]){PlayerjsAsync();}<\/script>","protected":false},"excerpt":{"rendered":"<p>El ibense Javier Roca junto al valenciano Dar\u00edo Muguruza ganan el \u201cVII Rallye Hivern San Vicente del Raspeig Costa Blanca 2025\u201d en la categor\u00eda con Instrumentos La jornada del s\u00e1bado 22 de febrero consisti\u00f3 en dos eventos para veh\u00edculos con m\u00e1s de 25 a\u00f1os de antig\u00fcedad. El \u201cVII Rallye Hivern ...<\/p>\n","protected":false},"author":2,"featured_media":14303,"comment_status":"closed","ping_status":"closed","sticky":false,"template":"","format":"standard","meta":{"_monsterinsights_skip_tracking":false,"_monsterinsights_sitenote_active":false,"_monsterinsights_sitenote_note":"","_monsterinsights_sitenote_category":0,"footnotes":""},"categories":[4],"tags":[128],"class_list":["post-14302","post","type-post","status-publish","format-standard","has-post-thumbnail","hentry","category-alicante","tag-ibi"],"aioseo_notices":[],"_links":{"self":[{"href":"https:\/\/www.lafresca.fm\/fresca-api-json\/wp\/v2\/posts\/14302","targetHints":{"allow":["GET"]}}],"collection":[{"href":"https:\/\/www.lafresca.fm\/fresca-api-json\/wp\/v2\/posts"}],"about":[{"href":"https:\/\/www.lafresca.fm\/fresca-api-json\/wp\/v2\/types\/post"}],"author":[{"embeddable":true,"href":"https:\/\/www.lafresca.fm\/fresca-api-json\/wp\/v2\/users\/2"}],"replies":[{"embeddable":true,"href":"https:\/\/www.lafresca.fm\/fresca-api-json\/wp\/v2\/comments?post=14302"}],"version-history":[{"count":2,"href":"https:\/\/www.lafresca.fm\/fresca-api-json\/wp\/v2\/posts\/14302\/revisions"}],"predecessor-version":[{"id":14305,"href":"https:\/\/www.lafresca.fm\/fresca-api-json\/wp\/v2\/posts\/14302\/revisions\/14305"}],"wp:featuredmedia":[{"embeddable":true,"href":"https:\/\/www.lafresca.fm\/fresca-api-json\/wp\/v2\/media\/14303"}],"wp:attachment":[{"href":"https:\/\/www.lafresca.fm\/fresca-api-json\/wp\/v2\/media?parent=14302"}],"wp:term":[{"taxonomy":"category","embeddable":true,"href":"https:\/\/www.lafresca.fm\/fresca-api-json\/wp\/v2\/categories?post=14302"},{"taxonomy":"post_tag","embeddable":true,"href":"https:\/\/www.lafresca.fm\/fresca-api-json\/wp\/v2\/tags?post=14302"}],"curies":[{"name":"wp","href":"https:\/\/api.w.org\/{rel}","templated":true}]}}