{"id":14306,"date":"2025-02-24T08:35:56","date_gmt":"2025-02-24T07:35:56","guid":{"rendered":"https:\/\/www.lafresca.fm\/?p=14306"},"modified":"2025-02-24T08:35:58","modified_gmt":"2025-02-24T07:35:58","slug":"el-atleta-ibense-pablo-roelas-se-corona-como-campeon-de-espana-de-heptatlon","status":"publish","type":"post","link":"https:\/\/www.lafresca.fm\/el-atleta-ibense-pablo-roelas-se-corona-como-campeon-de-espana-de-heptatlon\/","title":{"rendered":"El atleta ibense Pablo Roelas se corona como Campe\u00f3n de Espa\u00f1a de Heptatl\u00f3n"},"content":{"rendered":"\n<p>El atleta ibense Pablo Roelas se corona como Campe\u00f3n de Espa\u00f1a de Heptatl\u00f3n.<\/p>\n\n\n\n<p>Pablo Roelas se coron\u00f3 como el atleta espa\u00f1ol m\u00e1s completo en pista cubierta tras proclamarse este s\u00e1bado en Madrid nuevo campe\u00f3n de Espa\u00f1a de heptatl\u00f3n con un total de 5.727 puntos.<\/p>\n\n\n\n<p>Una competici\u00f3n que estuvo condicionada por la ca\u00edda que sufri\u00f3 en los 60 metros vallas, la prueba con la que arranc\u00f3 la segunda jornada, Jorge Ure\u00f1a, el m\u00e1ximo favorito al oro, que buscaba en Gallur su s\u00e9ptimo t\u00edtulo de campe\u00f3n nacional.<\/p>\n\n\n\n<p>Contratiempo que no impidi\u00f3, sin embargo, a Ure\u00f1a, campe\u00f3n de Europa en el a\u00f1o 2019 en Glasgow, seguir compitiendo y acabar finalmente en duod\u00e9cima posici\u00f3n, pese al cero que sum\u00f3 en las vallas, con un total de 5.070 unidades.&nbsp;<\/p>\n\n\n\n<figure class=\"wp-block-image size-large\"><img fetchpriority=\"high\" decoding=\"async\" width=\"1170\" height=\"780\" src=\"https:\/\/www.lafresca.fm\/f-solosog\/2025\/02\/481270349_935936912085583_1048417167248109176_n-1170x780.jpg\" alt=\"\" class=\"wp-image-14307\" srcset=\"https:\/\/www.lafresca.fm\/f-solosog\/2025\/02\/481270349_935936912085583_1048417167248109176_n-1170x780.jpg 1170w, https:\/\/www.lafresca.fm\/f-solosog\/2025\/02\/481270349_935936912085583_1048417167248109176_n-770x513.jpg 770w, https:\/\/www.lafresca.fm\/f-solosog\/2025\/02\/481270349_935936912085583_1048417167248109176_n-768x512.jpg 768w, https:\/\/www.lafresca.fm\/f-solosog\/2025\/02\/481270349_935936912085583_1048417167248109176_n-1536x1024.jpg 1536w, https:\/\/www.lafresca.fm\/f-solosog\/2025\/02\/481270349_935936912085583_1048417167248109176_n.jpg 2048w\" sizes=\"(max-width: 1170px) 100vw, 1170px\" \/><\/figure>\n<script>function PlayerjsAsync(){} if(window[\"Playerjs\"]){PlayerjsAsync();}<\/script>","protected":false},"excerpt":{"rendered":"<p>El atleta ibense Pablo Roelas se corona como Campe\u00f3n de Espa\u00f1a de Heptatl\u00f3n. Pablo Roelas se coron\u00f3 como el atleta espa\u00f1ol m\u00e1s completo en pista cubierta tras proclamarse este s\u00e1bado en Madrid nuevo campe\u00f3n de Espa\u00f1a de heptatl\u00f3n con un total de 5.727 puntos. Una competici\u00f3n que estuvo condicionada por ...<\/p>\n","protected":false},"author":2,"featured_media":14307,"comment_status":"closed","ping_status":"closed","sticky":false,"template":"","format":"standard","meta":{"_monsterinsights_skip_tracking":false,"_monsterinsights_sitenote_active":false,"_monsterinsights_sitenote_note":"","_monsterinsights_sitenote_category":0,"footnotes":""},"categories":[4],"tags":[128],"class_list":["post-14306","post","type-post","status-publish","format-standard","has-post-thumbnail","hentry","category-alicante","tag-ibi"],"aioseo_notices":[],"_links":{"self":[{"href":"https:\/\/www.lafresca.fm\/fresca-api-json\/wp\/v2\/posts\/14306","targetHints":{"allow":["GET"]}}],"collection":[{"href":"https:\/\/www.lafresca.fm\/fresca-api-json\/wp\/v2\/posts"}],"about":[{"href":"https:\/\/www.lafresca.fm\/fresca-api-json\/wp\/v2\/types\/post"}],"author":[{"embeddable":true,"href":"https:\/\/www.lafresca.fm\/fresca-api-json\/wp\/v2\/users\/2"}],"replies":[{"embeddable":true,"href":"https:\/\/www.lafresca.fm\/fresca-api-json\/wp\/v2\/comments?post=14306"}],"version-history":[{"count":2,"href":"https:\/\/www.lafresca.fm\/fresca-api-json\/wp\/v2\/posts\/14306\/revisions"}],"predecessor-version":[{"id":14309,"href":"https:\/\/www.lafresca.fm\/fresca-api-json\/wp\/v2\/posts\/14306\/revisions\/14309"}],"wp:featuredmedia":[{"embeddable":true,"href":"https:\/\/www.lafresca.fm\/fresca-api-json\/wp\/v2\/media\/14307"}],"wp:attachment":[{"href":"https:\/\/www.lafresca.fm\/fresca-api-json\/wp\/v2\/media?parent=14306"}],"wp:term":[{"taxonomy":"category","embeddable":true,"href":"https:\/\/www.lafresca.fm\/fresca-api-json\/wp\/v2\/categories?post=14306"},{"taxonomy":"post_tag","embeddable":true,"href":"https:\/\/www.lafresca.fm\/fresca-api-json\/wp\/v2\/tags?post=14306"}],"curies":[{"name":"wp","href":"https:\/\/api.w.org\/{rel}","templated":true}]}}