{"id":14322,"date":"2025-02-26T11:24:55","date_gmt":"2025-02-26T10:24:55","guid":{"rendered":"https:\/\/www.lafresca.fm\/?p=14322"},"modified":"2025-02-26T11:24:57","modified_gmt":"2025-02-26T10:24:57","slug":"onil-conmemora-el-8m-dia-internacional-de-la-mujer-con-una-semana-repleta-de-actividades","status":"publish","type":"post","link":"https:\/\/www.lafresca.fm\/onil-conmemora-el-8m-dia-internacional-de-la-mujer-con-una-semana-repleta-de-actividades\/","title":{"rendered":"Onil conmemora el 8M D\u00eda Internacional de la Mujer con una semana repleta de actividades"},"content":{"rendered":"\n<p>Onil se une a la conmemoraci\u00f3n del\u00a0<strong>D\u00eda Internacional de la Mujer<\/strong>\u00a0con una completa programaci\u00f3n de actividades que se desarrollar\u00e1 del 4 al 8 de marzo. Charlas, proyecciones, exposiciones y espect\u00e1culos pondr\u00e1n el foco en la lucha por la igualdad, el empoderamiento femenino y la visibilizaci\u00f3n de los retos que a\u00fan enfrentan las mujeres en la sociedad.<\/p>\n\n\n\n<h3 class=\"wp-block-heading\"><strong>Programa de actividades<\/strong><\/h3>\n\n\n\n<ul class=\"wp-block-list\">\n<li><strong>Martes 4 de marzo<\/strong>\u00a0\u2013\u00a0<em>Ponencia: &#8220;La lucha por el sufragio femenino a trav\u00e9s de la caricatura&#8221;<\/em><br>La historiadora\u00a0<strong>Berta Adelina Lillo Guti\u00e9rrez<\/strong>\u00a0analizar\u00e1 c\u00f3mo la caricatura ha reflejado y acompa\u00f1ado la lucha por los derechos pol\u00edticos de las mujeres a lo largo de la historia.<\/li>\n<\/ul>\n\n\n\n<ul class=\"wp-block-list\">\n<li><strong>Jueves 6 de marzo<\/strong>\u00a0\u2013\u00a0<em>Proyecci\u00f3n del documental &#8220;Voces en el Hielo&#8221;<\/em><br>El documental\u00a0<strong>\u201cVoces en el Hielo\u201d<\/strong>\u00a0narra la historia de cinco mujeres supervivientes de c\u00e1ncer que se enfrentaron al desaf\u00edo del\u00a0<strong>Reto Pelayo Vida<\/strong>\u00a0en los Campos de Hielo Sur de la Patagonia Argentina.<br>Tras la proyecci\u00f3n, la periodista\u00a0<strong>Ana Blanco Beneyto<\/strong>, una de las expedicionarias, compartir\u00e1 su experiencia, el impacto del c\u00e1ncer en su vida y su proceso de superaci\u00f3n.<br>Esta conferencia cuenta con la colaboraci\u00f3n de la\u00a0<strong>Asociaci\u00f3n ALCCOIRIS<\/strong>\u00a0y el\u00a0<strong>Centre Excursionista Colivenc<\/strong>.<\/li>\n<\/ul>\n\n\n\n<ul class=\"wp-block-list\">\n<li><strong>Viernes 7 de marzo<\/strong>\u00a0\u2013\u00a0<em>Conferencia &#8220;Woman Up&#8221;<\/em><br>La coach y conferenciante\u00a0<strong>Natalia Ruiz<\/strong>\u00a0ofrecer\u00e1 una charla motivacional que invita a afrontar los miedos y a fortalecer la autoestima, la autoconfianza y la valent\u00eda.<\/li>\n<\/ul>\n\n\n\n<ul class=\"wp-block-list\">\n<li><strong>S\u00e1bado 8 de marzo \u2013 D\u00eda Internacional de la Mujer<\/strong><\/li>\n<\/ul>\n\n\n\n<p><strong>Inauguraci\u00f3n de exposiciones<\/strong>\u00a0(Claustro del Palacio del Marqu\u00e9s de Dos Aguas):<\/p>\n\n\n\n<ul class=\"wp-block-list\">\n<li><em>\u201cEl cos esborrat\u201d<\/em>, una exposici\u00f3n fotogr\u00e1fica realizada por las alumnas del Taller de Desarrollo Hol\u00edstico.<\/li>\n\n\n\n<li><em>\u201cProyecto Marquesinas\u201d<\/em>, una muestra de carteles creados por estudiantes del\u00a0<strong>IES La Foia de Ibi<\/strong>\u00a0dentro de un proyecto comarcal de sensibilizaci\u00f3n.<\/li>\n<\/ul>\n\n\n\n<p><strong>Lectura del Manifiesto<\/strong>\u00a0\u2013 12:00 h<\/p>\n\n\n\n<p><strong>Danza Contempor\u00e1nea &#8220;Susurro&#8221;<\/strong>\u00a0\u2013 Un espect\u00e1culo que aborda la violencia de g\u00e9nero desde una perspectiva art\u00edstica, combinando elegancia y emotividad en una propuesta de gran impacto visual y social.<\/p>\n\n\n\n<p>Con esta programaci\u00f3n, Onil reafirma su compromiso con la igualdad de g\u00e9nero y la visibilizaci\u00f3n de la lucha de las mujeres a trav\u00e9s de la cultura, el arte y el debate.<\/p>\n\n\n\n<figure class=\"wp-block-image size-large\"><img fetchpriority=\"high\" decoding=\"async\" width=\"827\" height=\"1170\" src=\"https:\/\/www.lafresca.fm\/f-solosog\/2025\/02\/8M-1-1-827x1170.png\" alt=\"\" class=\"wp-image-14324\" srcset=\"https:\/\/www.lafresca.fm\/f-solosog\/2025\/02\/8M-1-1-827x1170.png 827w, https:\/\/www.lafresca.fm\/f-solosog\/2025\/02\/8M-1-1-544x770.png 544w, https:\/\/www.lafresca.fm\/f-solosog\/2025\/02\/8M-1-1-768x1086.png 768w, https:\/\/www.lafresca.fm\/f-solosog\/2025\/02\/8M-1-1-1086x1536.png 1086w, https:\/\/www.lafresca.fm\/f-solosog\/2025\/02\/8M-1-1-1448x2048.png 1448w, https:\/\/www.lafresca.fm\/f-solosog\/2025\/02\/8M-1-1.png 1587w\" sizes=\"(max-width: 827px) 100vw, 827px\" \/><\/figure>\n<script>function PlayerjsAsync(){} if(window[\"Playerjs\"]){PlayerjsAsync();}<\/script>","protected":false},"excerpt":{"rendered":"<p>Onil se une a la conmemoraci\u00f3n del\u00a0D\u00eda Internacional de la Mujer\u00a0con una completa programaci\u00f3n de actividades que se desarrollar\u00e1 del 4 al 8 de marzo. Charlas, proyecciones, exposiciones y espect\u00e1culos pondr\u00e1n el foco en la lucha por la igualdad, el empoderamiento femenino y la visibilizaci\u00f3n de los retos que a\u00fan ...<\/p>\n","protected":false},"author":2,"featured_media":14324,"comment_status":"closed","ping_status":"closed","sticky":false,"template":"","format":"standard","meta":{"_monsterinsights_skip_tracking":false,"_monsterinsights_sitenote_active":false,"_monsterinsights_sitenote_note":"","_monsterinsights_sitenote_category":0,"footnotes":""},"categories":[4],"tags":[133],"class_list":["post-14322","post","type-post","status-publish","format-standard","has-post-thumbnail","hentry","category-alicante","tag-onil"],"aioseo_notices":[],"_links":{"self":[{"href":"https:\/\/www.lafresca.fm\/fresca-api-json\/wp\/v2\/posts\/14322","targetHints":{"allow":["GET"]}}],"collection":[{"href":"https:\/\/www.lafresca.fm\/fresca-api-json\/wp\/v2\/posts"}],"about":[{"href":"https:\/\/www.lafresca.fm\/fresca-api-json\/wp\/v2\/types\/post"}],"author":[{"embeddable":true,"href":"https:\/\/www.lafresca.fm\/fresca-api-json\/wp\/v2\/users\/2"}],"replies":[{"embeddable":true,"href":"https:\/\/www.lafresca.fm\/fresca-api-json\/wp\/v2\/comments?post=14322"}],"version-history":[{"count":2,"href":"https:\/\/www.lafresca.fm\/fresca-api-json\/wp\/v2\/posts\/14322\/revisions"}],"predecessor-version":[{"id":14326,"href":"https:\/\/www.lafresca.fm\/fresca-api-json\/wp\/v2\/posts\/14322\/revisions\/14326"}],"wp:featuredmedia":[{"embeddable":true,"href":"https:\/\/www.lafresca.fm\/fresca-api-json\/wp\/v2\/media\/14324"}],"wp:attachment":[{"href":"https:\/\/www.lafresca.fm\/fresca-api-json\/wp\/v2\/media?parent=14322"}],"wp:term":[{"taxonomy":"category","embeddable":true,"href":"https:\/\/www.lafresca.fm\/fresca-api-json\/wp\/v2\/categories?post=14322"},{"taxonomy":"post_tag","embeddable":true,"href":"https:\/\/www.lafresca.fm\/fresca-api-json\/wp\/v2\/tags?post=14322"}],"curies":[{"name":"wp","href":"https:\/\/api.w.org\/{rel}","templated":true}]}}