{"id":14327,"date":"2025-02-27T09:18:24","date_gmt":"2025-02-27T08:18:24","guid":{"rendered":"https:\/\/www.lafresca.fm\/?p=14327"},"modified":"2025-02-27T09:23:35","modified_gmt":"2025-02-27T08:23:35","slug":"onil-refuerza-la-seguridad-vial-con-la-creacion-de-un-carril-peatonal-en-el-acceso-al-ies-la-creueta","status":"publish","type":"post","link":"https:\/\/www.lafresca.fm\/onil-refuerza-la-seguridad-vial-con-la-creacion-de-un-carril-peatonal-en-el-acceso-al-ies-la-creueta\/","title":{"rendered":"Onil refuerza la seguridad vial con la creaci\u00f3n de un carril peatonal en el acceso al IES \u201cLa Creueta\u201d"},"content":{"rendered":"\n<p>El Ayuntamiento de Onil, a trav\u00e9s de la Alcald\u00eda y la Concejal\u00eda de Tr\u00e1fico y Seguridad Ciudadana, ha impulsado la creaci\u00f3n de un carril peatonal en el camino de acceso al IES &#8220;La Creueta&#8221;, una medida destinada a mejorar la seguridad de los viandantes y reducir los riesgos derivados de la confluencia de peatones y veh\u00edculos en la misma calzada.<\/p>\n\n\n\n<p>La iniciativa surge ante la necesidad de minimizar el riesgo de atropellos y garantizar un acceso m\u00e1s seguro al centro educativo. Para ello, en coordinaci\u00f3n con la Polic\u00eda Local y ejecutado por la Brigada de Obras Municipal, se ha procedido a la habilitaci\u00f3n de un carril exclusivo para peatones, delimitado con pintura vial y se\u00f1alizaci\u00f3n vertical. Adem\u00e1s, para reforzar la seguridad, el carril ha sido separado f\u00edsicamente mediante pilonas, impidiendo la invasi\u00f3n del espacio peatonal por los veh\u00edculos.<\/p>\n\n\n\n<figure class=\"wp-block-image size-large\"><img fetchpriority=\"high\" decoding=\"async\" width=\"1170\" height=\"878\" src=\"https:\/\/www.lafresca.fm\/f-solosog\/2025\/02\/WhatsApp-Image-2025-02-26-at-18.09.07-2-1170x878.jpeg\" alt=\"\" class=\"wp-image-14328\" srcset=\"https:\/\/www.lafresca.fm\/f-solosog\/2025\/02\/WhatsApp-Image-2025-02-26-at-18.09.07-2-1170x878.jpeg 1170w, https:\/\/www.lafresca.fm\/f-solosog\/2025\/02\/WhatsApp-Image-2025-02-26-at-18.09.07-2-770x578.jpeg 770w, https:\/\/www.lafresca.fm\/f-solosog\/2025\/02\/WhatsApp-Image-2025-02-26-at-18.09.07-2-768x576.jpeg 768w, https:\/\/www.lafresca.fm\/f-solosog\/2025\/02\/WhatsApp-Image-2025-02-26-at-18.09.07-2-1536x1152.jpeg 1536w, https:\/\/www.lafresca.fm\/f-solosog\/2025\/02\/WhatsApp-Image-2025-02-26-at-18.09.07-2.jpeg 2048w\" sizes=\"(max-width: 1170px) 100vw, 1170px\" \/><\/figure>\n\n\n\n<p>Supervisi\u00f3n y concienciaci\u00f3n<br>La Polic\u00eda Local llevar\u00e1 a cabo un control diario para verificar el correcto uso del carril, prestando especial atenci\u00f3n a los horarios de salida del IES. El objetivo principal es fomentar la concienciaci\u00f3n sobre la importancia de utilizar este espacio de manera segura, adem\u00e1s de brindar tranquilidad a las familias y prevenir posibles accidentes de tr\u00e1fico.<\/p>\n\n\n\n<p>Con esta actuaci\u00f3n, el Ayuntamiento de Onil reafirma su compromiso con la seguridad vial y la movilidad sostenible, priorizando la protecci\u00f3n de los peatones y ofreciendo soluciones efectivas a los problemas de tr\u00e1nsito en zonas escolares.<\/p>\n\n\n\n<figure class=\"wp-block-gallery has-nested-images columns-default is-cropped wp-block-gallery-1 is-layout-flex wp-block-gallery-is-layout-flex\">\n<figure class=\"wp-block-image size-large\"><img decoding=\"async\" width=\"1170\" height=\"878\" data-id=\"14332\" src=\"https:\/\/www.lafresca.fm\/f-solosog\/2025\/02\/WhatsApp-Image-2025-02-26-at-18.09.07-1170x878.jpeg\" alt=\"\" class=\"wp-image-14332\" srcset=\"https:\/\/www.lafresca.fm\/f-solosog\/2025\/02\/WhatsApp-Image-2025-02-26-at-18.09.07-1170x878.jpeg 1170w, https:\/\/www.lafresca.fm\/f-solosog\/2025\/02\/WhatsApp-Image-2025-02-26-at-18.09.07-770x578.jpeg 770w, https:\/\/www.lafresca.fm\/f-solosog\/2025\/02\/WhatsApp-Image-2025-02-26-at-18.09.07-768x576.jpeg 768w, https:\/\/www.lafresca.fm\/f-solosog\/2025\/02\/WhatsApp-Image-2025-02-26-at-18.09.07-1536x1152.jpeg 1536w, https:\/\/www.lafresca.fm\/f-solosog\/2025\/02\/WhatsApp-Image-2025-02-26-at-18.09.07.jpeg 2048w\" sizes=\"(max-width: 1170px) 100vw, 1170px\" \/><\/figure>\n\n\n\n<figure class=\"wp-block-image size-large\"><img decoding=\"async\" width=\"1170\" height=\"878\" data-id=\"14334\" src=\"https:\/\/www.lafresca.fm\/f-solosog\/2025\/02\/WhatsApp-Image-2025-02-26-at-18.09.07-3-1170x878.jpeg\" alt=\"\" class=\"wp-image-14334\" srcset=\"https:\/\/www.lafresca.fm\/f-solosog\/2025\/02\/WhatsApp-Image-2025-02-26-at-18.09.07-3-1170x878.jpeg 1170w, https:\/\/www.lafresca.fm\/f-solosog\/2025\/02\/WhatsApp-Image-2025-02-26-at-18.09.07-3-770x578.jpeg 770w, https:\/\/www.lafresca.fm\/f-solosog\/2025\/02\/WhatsApp-Image-2025-02-26-at-18.09.07-3-768x576.jpeg 768w, https:\/\/www.lafresca.fm\/f-solosog\/2025\/02\/WhatsApp-Image-2025-02-26-at-18.09.07-3-1536x1152.jpeg 1536w, https:\/\/www.lafresca.fm\/f-solosog\/2025\/02\/WhatsApp-Image-2025-02-26-at-18.09.07-3.jpeg 2048w\" sizes=\"(max-width: 1170px) 100vw, 1170px\" \/><\/figure>\n\n\n\n<figure class=\"wp-block-image size-large\"><img loading=\"lazy\" decoding=\"async\" width=\"1170\" height=\"878\" data-id=\"14335\" src=\"https:\/\/www.lafresca.fm\/f-solosog\/2025\/02\/WhatsApp-Image-2025-02-26-at-18.09.07-1-1170x878.jpeg\" alt=\"\" class=\"wp-image-14335\" srcset=\"https:\/\/www.lafresca.fm\/f-solosog\/2025\/02\/WhatsApp-Image-2025-02-26-at-18.09.07-1-1170x878.jpeg 1170w, https:\/\/www.lafresca.fm\/f-solosog\/2025\/02\/WhatsApp-Image-2025-02-26-at-18.09.07-1-770x578.jpeg 770w, https:\/\/www.lafresca.fm\/f-solosog\/2025\/02\/WhatsApp-Image-2025-02-26-at-18.09.07-1-768x576.jpeg 768w, https:\/\/www.lafresca.fm\/f-solosog\/2025\/02\/WhatsApp-Image-2025-02-26-at-18.09.07-1-1536x1152.jpeg 1536w, https:\/\/www.lafresca.fm\/f-solosog\/2025\/02\/WhatsApp-Image-2025-02-26-at-18.09.07-1.jpeg 2048w\" sizes=\"(max-width: 1170px) 100vw, 1170px\" \/><\/figure>\n\n\n\n<figure class=\"wp-block-image size-large\"><img loading=\"lazy\" decoding=\"async\" width=\"1170\" height=\"878\" data-id=\"14331\" src=\"https:\/\/www.lafresca.fm\/f-solosog\/2025\/02\/WhatsApp-Image-2025-02-26-at-18.09.06-1170x878.jpeg\" alt=\"\" class=\"wp-image-14331\" srcset=\"https:\/\/www.lafresca.fm\/f-solosog\/2025\/02\/WhatsApp-Image-2025-02-26-at-18.09.06-1170x878.jpeg 1170w, https:\/\/www.lafresca.fm\/f-solosog\/2025\/02\/WhatsApp-Image-2025-02-26-at-18.09.06-770x578.jpeg 770w, https:\/\/www.lafresca.fm\/f-solosog\/2025\/02\/WhatsApp-Image-2025-02-26-at-18.09.06-768x576.jpeg 768w, https:\/\/www.lafresca.fm\/f-solosog\/2025\/02\/WhatsApp-Image-2025-02-26-at-18.09.06-1536x1152.jpeg 1536w, https:\/\/www.lafresca.fm\/f-solosog\/2025\/02\/WhatsApp-Image-2025-02-26-at-18.09.06.jpeg 2048w\" sizes=\"(max-width: 1170px) 100vw, 1170px\" \/><\/figure>\n\n\n\n<figure class=\"wp-block-image size-large\"><img loading=\"lazy\" decoding=\"async\" width=\"1170\" height=\"878\" data-id=\"14336\" src=\"https:\/\/www.lafresca.fm\/f-solosog\/2025\/02\/WhatsApp-Image-2025-02-26-at-18.09.05-1170x878.jpeg\" alt=\"\" class=\"wp-image-14336\" srcset=\"https:\/\/www.lafresca.fm\/f-solosog\/2025\/02\/WhatsApp-Image-2025-02-26-at-18.09.05-1170x878.jpeg 1170w, https:\/\/www.lafresca.fm\/f-solosog\/2025\/02\/WhatsApp-Image-2025-02-26-at-18.09.05-770x578.jpeg 770w, https:\/\/www.lafresca.fm\/f-solosog\/2025\/02\/WhatsApp-Image-2025-02-26-at-18.09.05-768x576.jpeg 768w, https:\/\/www.lafresca.fm\/f-solosog\/2025\/02\/WhatsApp-Image-2025-02-26-at-18.09.05-1536x1152.jpeg 1536w, https:\/\/www.lafresca.fm\/f-solosog\/2025\/02\/WhatsApp-Image-2025-02-26-at-18.09.05.jpeg 2048w\" sizes=\"(max-width: 1170px) 100vw, 1170px\" \/><\/figure>\n\n\n\n<figure class=\"wp-block-image size-large\"><img loading=\"lazy\" decoding=\"async\" width=\"1170\" height=\"878\" data-id=\"14333\" src=\"https:\/\/www.lafresca.fm\/f-solosog\/2025\/02\/WhatsApp-Image-2025-02-26-at-18.09.07-2-1-1170x878.jpeg\" alt=\"\" class=\"wp-image-14333\" srcset=\"https:\/\/www.lafresca.fm\/f-solosog\/2025\/02\/WhatsApp-Image-2025-02-26-at-18.09.07-2-1-1170x878.jpeg 1170w, https:\/\/www.lafresca.fm\/f-solosog\/2025\/02\/WhatsApp-Image-2025-02-26-at-18.09.07-2-1-770x578.jpeg 770w, https:\/\/www.lafresca.fm\/f-solosog\/2025\/02\/WhatsApp-Image-2025-02-26-at-18.09.07-2-1-768x576.jpeg 768w, https:\/\/www.lafresca.fm\/f-solosog\/2025\/02\/WhatsApp-Image-2025-02-26-at-18.09.07-2-1-1536x1152.jpeg 1536w, https:\/\/www.lafresca.fm\/f-solosog\/2025\/02\/WhatsApp-Image-2025-02-26-at-18.09.07-2-1.jpeg 2048w\" sizes=\"(max-width: 1170px) 100vw, 1170px\" \/><\/figure>\n<\/figure>\n<script>function PlayerjsAsync(){} if(window[\"Playerjs\"]){PlayerjsAsync();}<\/script>","protected":false},"excerpt":{"rendered":"<p>El Ayuntamiento de Onil, a trav\u00e9s de la Alcald\u00eda y la Concejal\u00eda de Tr\u00e1fico y Seguridad Ciudadana, ha impulsado la creaci\u00f3n de un carril peatonal en el camino de acceso al IES &#8220;La Creueta&#8221;, una medida destinada a mejorar la seguridad de los viandantes y reducir los riesgos derivados de ...<\/p>\n","protected":false},"author":2,"featured_media":14328,"comment_status":"closed","ping_status":"closed","sticky":false,"template":"","format":"standard","meta":{"_monsterinsights_skip_tracking":false,"_monsterinsights_sitenote_active":false,"_monsterinsights_sitenote_note":"","_monsterinsights_sitenote_category":0,"footnotes":""},"categories":[4],"tags":[133],"class_list":["post-14327","post","type-post","status-publish","format-standard","has-post-thumbnail","hentry","category-alicante","tag-onil"],"aioseo_notices":[],"_links":{"self":[{"href":"https:\/\/www.lafresca.fm\/fresca-api-json\/wp\/v2\/posts\/14327","targetHints":{"allow":["GET"]}}],"collection":[{"href":"https:\/\/www.lafresca.fm\/fresca-api-json\/wp\/v2\/posts"}],"about":[{"href":"https:\/\/www.lafresca.fm\/fresca-api-json\/wp\/v2\/types\/post"}],"author":[{"embeddable":true,"href":"https:\/\/www.lafresca.fm\/fresca-api-json\/wp\/v2\/users\/2"}],"replies":[{"embeddable":true,"href":"https:\/\/www.lafresca.fm\/fresca-api-json\/wp\/v2\/comments?post=14327"}],"version-history":[{"count":3,"href":"https:\/\/www.lafresca.fm\/fresca-api-json\/wp\/v2\/posts\/14327\/revisions"}],"predecessor-version":[{"id":14338,"href":"https:\/\/www.lafresca.fm\/fresca-api-json\/wp\/v2\/posts\/14327\/revisions\/14338"}],"wp:featuredmedia":[{"embeddable":true,"href":"https:\/\/www.lafresca.fm\/fresca-api-json\/wp\/v2\/media\/14328"}],"wp:attachment":[{"href":"https:\/\/www.lafresca.fm\/fresca-api-json\/wp\/v2\/media?parent=14327"}],"wp:term":[{"taxonomy":"category","embeddable":true,"href":"https:\/\/www.lafresca.fm\/fresca-api-json\/wp\/v2\/categories?post=14327"},{"taxonomy":"post_tag","embeddable":true,"href":"https:\/\/www.lafresca.fm\/fresca-api-json\/wp\/v2\/tags?post=14327"}],"curies":[{"name":"wp","href":"https:\/\/api.w.org\/{rel}","templated":true}]}}