{"id":14363,"date":"2025-02-28T15:36:09","date_gmt":"2025-02-28T14:36:09","guid":{"rendered":"https:\/\/www.lafresca.fm\/?p=14363"},"modified":"2025-02-28T15:36:11","modified_gmt":"2025-02-28T14:36:11","slug":"podcast-21-temp-2-de-no-es-para-con-ana-tello-y-el-becario","status":"publish","type":"post","link":"https:\/\/www.lafresca.fm\/podcast-21-temp-2-de-no-es-para-con-ana-tello-y-el-becario\/","title":{"rendered":"PODCAST 21, Temp. 2 de \u2018No Es Para\u2019 con Ana Tello y El Becario"},"content":{"rendered":"\n<p>PODCAST 21, Temp. 2 de \u2018No Es Para\u2019 con Ana Tello y El Becario \u201cAlineaci\u00f3n, apag\u00f3n, que foll\u00f3n&#8221;<\/p>\n\n\n\n<figure class=\"wp-block-audio\"><audio controls src=\"https:\/\/www.lafresca.fm\/f-solosog\/2025\/02\/NO-ES-PARA-21-24-25-Alineacion-apagon-que-follon-27-2-25.mp3\"><\/audio><\/figure>\n<script>function PlayerjsAsync(){} if(window[\"Playerjs\"]){PlayerjsAsync();}<\/script>","protected":false},"excerpt":{"rendered":"<p>PODCAST 21, Temp. 2 de \u2018No Es Para\u2019 con Ana Tello y El Becario \u201cAlineaci\u00f3n, apag\u00f3n, que foll\u00f3n&#8221;<\/p>\n","protected":false},"author":2,"featured_media":13296,"comment_status":"closed","ping_status":"closed","sticky":false,"template":"","format":"standard","meta":{"_monsterinsights_skip_tracking":false,"_monsterinsights_sitenote_active":false,"_monsterinsights_sitenote_note":"","_monsterinsights_sitenote_category":0,"footnotes":""},"categories":[4],"tags":[],"class_list":["post-14363","post","type-post","status-publish","format-standard","has-post-thumbnail","hentry","category-alicante"],"aioseo_notices":[],"_links":{"self":[{"href":"https:\/\/www.lafresca.fm\/fresca-api-json\/wp\/v2\/posts\/14363","targetHints":{"allow":["GET"]}}],"collection":[{"href":"https:\/\/www.lafresca.fm\/fresca-api-json\/wp\/v2\/posts"}],"about":[{"href":"https:\/\/www.lafresca.fm\/fresca-api-json\/wp\/v2\/types\/post"}],"author":[{"embeddable":true,"href":"https:\/\/www.lafresca.fm\/fresca-api-json\/wp\/v2\/users\/2"}],"replies":[{"embeddable":true,"href":"https:\/\/www.lafresca.fm\/fresca-api-json\/wp\/v2\/comments?post=14363"}],"version-history":[{"count":2,"href":"https:\/\/www.lafresca.fm\/fresca-api-json\/wp\/v2\/posts\/14363\/revisions"}],"predecessor-version":[{"id":14366,"href":"https:\/\/www.lafresca.fm\/fresca-api-json\/wp\/v2\/posts\/14363\/revisions\/14366"}],"wp:featuredmedia":[{"embeddable":true,"href":"https:\/\/www.lafresca.fm\/fresca-api-json\/wp\/v2\/media\/13296"}],"wp:attachment":[{"href":"https:\/\/www.lafresca.fm\/fresca-api-json\/wp\/v2\/media?parent=14363"}],"wp:term":[{"taxonomy":"category","embeddable":true,"href":"https:\/\/www.lafresca.fm\/fresca-api-json\/wp\/v2\/categories?post=14363"},{"taxonomy":"post_tag","embeddable":true,"href":"https:\/\/www.lafresca.fm\/fresca-api-json\/wp\/v2\/tags?post=14363"}],"curies":[{"name":"wp","href":"https:\/\/api.w.org\/{rel}","templated":true}]}}